[{"@context":"https:\/\/schema.org\/","@type":"Article","@id":"https:\/\/www.eupatrid.cz\/zahadna-folikularni-keratoza-a-jak-se-ji-zbavit\/#Article","mainEntityOfPage":"https:\/\/www.eupatrid.cz\/zahadna-folikularni-keratoza-a-jak-se-ji-zbavit\/","headline":"Z\u00e1hadn\u00e1 folikul\u00e1rn\u00ed kerat\u00f3za a jak se j\u00ed zbavit","name":"Z\u00e1hadn\u00e1 folikul\u00e1rn\u00ed kerat\u00f3za a jak se j\u00ed zbavit","description":"\u0158e\u0161\u00edte probl\u00e9my s akn\u00e9, kter\u00e9ho se ne a ne zbavit? Mo\u017en\u00e1 trp\u00edte podobn\u011b jako dal\u0161\u00edch 40 % populace jinou nemoc\u00ed. Folikul\u00e1rn\u00ed kerat\u00f3zou (keratosis pilaris). \u010cast\u011bji je zn\u00e1m\u00e1 jako ku\u0159ec\u00ed nebo hus\u00ed k\u016f\u017ee. Ta pr\u00e1v\u011b b\u00fdv\u00e1 \u010dasto zam\u011b\u0148ov\u00e1na s akn\u00e9, obzvl\u00e1\u0161t\u011b pokud se objev\u00ed v obli\u010deji. Jde o mal\u00e9 pup\u00ednky t\u011blov\u00e9, \u010derven\u00e9 nebo hn\u011bd\u00e9 barvy, kter\u00e9...<p class=\"more-link\"><a href=\"https:\/\/www.eupatrid.cz\/zahadna-folikularni-keratoza-a-jak-se-ji-zbavit\/\" class=\"themebutton3\">Read More<\/a><\/p>","datePublished":"2019-12-19","dateModified":"2023-05-02","author":{"@type":"Person","@id":"https:\/\/www.eupatrid.cz\/author\/#Person","name":"","url":"https:\/\/www.eupatrid.cz\/author\/","identifier":1,"image":{"@type":"ImageObject","@id":"https:\/\/secure.gravatar.com\/avatar\/53c590fdd1ec24ee297a15a00a0829b5191e9163e4cc5dbbee20ed40fcc30ad9?s=96&d=mm&r=g","url":"https:\/\/secure.gravatar.com\/avatar\/53c590fdd1ec24ee297a15a00a0829b5191e9163e4cc5dbbee20ed40fcc30ad9?s=96&d=mm&r=g","height":96,"width":96}},"publisher":{"@type":"Organization","name":"eupatrid.cz","logo":{"@type":"ImageObject","@id":"\/logo.png","url":"\/logo.png","width":600,"height":60}},"image":{"@type":"ImageObject","@id":"https:\/\/www.eupatrid.cz\/wp-content\/uploads\/img_a362529_w3166_t1575711840.jpg","url":"https:\/\/www.eupatrid.cz\/wp-content\/uploads\/img_a362529_w3166_t1575711840.jpg","height":0,"width":0},"url":"https:\/\/www.eupatrid.cz\/zahadna-folikularni-keratoza-a-jak-se-ji-zbavit\/","about":["Kr\u00e1sa"],"wordCount":409,"articleBody":"\u0158e\u0161\u00edte probl\u00e9my s akn\u00e9, kter\u00e9ho se ne a ne zbavit? Mo\u017en\u00e1 trp\u00edte podobn\u011b jako dal\u0161\u00edch 40 % populace jinou nemoc\u00ed. Folikul\u00e1rn\u00ed kerat\u00f3zou (keratosis pilaris). \u010cast\u011bji je zn\u00e1m\u00e1 jako ku\u0159ec\u00ed nebo hus\u00ed k\u016f\u017ee. Ta pr\u00e1v\u011b b\u00fdv\u00e1 \u010dasto zam\u011b\u0148ov\u00e1na s akn\u00e9, obzvl\u00e1\u0161t\u011b pokud se objev\u00ed v obli\u010deji. Jde o mal\u00e9 pup\u00ednky t\u011blov\u00e9, \u010derven\u00e9 nebo hn\u011bd\u00e9 barvy, kter\u00e9 m\u016f\u017eeme pozorovat tak\u00e9 na pa\u017e\u00edch, stehnech a h\u00fd\u017ed\u00edch. Vznik\u00e1 kv\u016fli nadm\u011brn\u00e9 produkci keratinu, kter\u00fd se hromad\u00ed ve vlasov\u00fdch folikulech a ty ucp\u00e1v\u00e1. K\u016f\u017ee je na omak drsn\u00e1 jako brusn\u00fd pap\u00edr. Typick\u00e9 pro onemocn\u011bn\u00ed je zhor\u0161en\u00ed p\u0159\u00edznak\u016f p\u0159i n\u00edzk\u00e9 vlhkosti typicky v zim\u011b.  Jedn\u00e1 se o kosmetick\u00fd probl\u00e9m, kter\u00fd ale m\u016f\u017ee p\u0159er\u016fst v psychick\u00e9 obt\u00ed\u017ee. Obzvl\u00e1\u0161t\u011b pokud jsou pup\u00ednky na viditeln\u00fdch m\u00edstech. Nej\u010dast\u011bji se toti\u017e kerat\u00f3za objevuje v obdob\u00ed dosp\u00edv\u00e1n\u00ed u d\u00edvek, kter\u00e9 se v t\u00e9 dob\u011b cht\u011bj\u00ed l\u00edbit. L\u00e9k na ni nav\u00edc neexistuje. Jej\u00ed p\u0159\u00edznaky se daj\u00ed pouze m\u00edrnit. Nen\u00ed jasn\u00e9, jak toto neinfek\u010dn\u00ed ko\u017en\u00ed onemocn\u011bn\u00ed vznik\u00e1. P\u0159edpokl\u00e1d\u00e1 se, \u017ee zde m\u016f\u017ee hr\u00e1t ur\u010ditou roli genetika. Dal\u0161\u00ed mo\u017enost\u00ed je autoimunitn\u00ed probl\u00e9m nap\u0159\u00edklad alergie na ml\u00e9ko, lepek p\u0159\u00edpadn\u011b dal\u0161\u00ed potraviny. Na vin\u011b m\u016f\u017ee b\u00fdt hormon\u00e1ln\u00ed nerovnov\u00e1ha nebo nedostatek vitam\u00ednu A. N\u00e1chyln\u011bj\u0161\u00ed ke vzniku ku\u0159ec\u00ed k\u016f\u017ee je such\u00e1 poko\u017eka.Proto se doporu\u010duje pravideln\u00e1 kosmetick\u00e1 p\u00e9\u010de zahrnuj\u00edc\u00ed peeling a kr\u00e9mov\u00e1n\u00ed nebo olejov\u00e1n\u00ed posti\u017een\u00fdch m\u00edst. Vyb\u00edrejte si p\u0159edev\u0161\u00edm hydrata\u010dn\u00ed t\u011blov\u00e1 ml\u00e9ka s ureou neboli mo\u010dovinou. Dal\u0161\u00edmi \u00fa\u010dinn\u00fdmi slo\u017ekami, kter\u00e9 mohou pomoci s kerat\u00f3zou zato\u010dit jednou prov\u017edy je kyselina salicylov\u00e1 a glykolov\u00e1, retinoidy, vitamin D, zelen\u00fd \u010daj nebo aloe vera. Kr\u00e9my nan\u00e1\u0161ejte i n\u011bkolikr\u00e1t denn\u011b.  Zbavit se drsn\u00e9 poko\u017eky m\u016f\u017ee pomoci zdrav\u00e1 stravy dopln\u011bn\u00e1 dostate\u010dn\u00fdm pitn\u00fdm re\u017eimem. Zam\u011b\u0159te se zejm\u00e9na na p\u0159\u00edsun omega 3 mastn\u00fdch kyselin. Doporu\u010duje se vy\u0161et\u0159en\u00ed, kter\u00e9 by vylou\u010dilo mo\u017en\u00e9 potravinov\u00e9 alergie. Zm\u011bk\u010dit poko\u017eku mohou tak\u00e9 pravideln\u00e9 n\u00e1v\u0161t\u011bvy sauny.                                                                                                                                                                                                                                                                                                                                                                                         4.2\/5 - (6 votes)        "},{"@context":"https:\/\/schema.org\/","@type":"BreadcrumbList","itemListElement":[{"@type":"ListItem","position":1,"name":"Z\u00e1hadn\u00e1 folikul\u00e1rn\u00ed kerat\u00f3za a jak se j\u00ed zbavit","item":"https:\/\/www.eupatrid.cz\/zahadna-folikularni-keratoza-a-jak-se-ji-zbavit\/#breadcrumbitem"}]}]