[{"@context":"https:\/\/schema.org\/","@type":"Article","@id":"https:\/\/www.eupatrid.cz\/vhodne-bydleni-i-pro-mensi-rodinu\/#Article","mainEntityOfPage":"https:\/\/www.eupatrid.cz\/vhodne-bydleni-i-pro-mensi-rodinu\/","headline":"Vhodn\u011b bydlen\u00ed i pro men\u0161\u00ed rodinu","name":"Vhodn\u011b bydlen\u00ed i pro men\u0161\u00ed rodinu","description":"Existuje jen m\u00e1lo lid\u00ed, co by necht\u011bli bydlet ve sv\u00e9m. M\u00edt vlastn\u00ed st\u0159echu nad hlavou toti\u017e poskytuje celou \u0159adu v\u00fdhodu v\u010detn\u011b t\u00e9 nejvy\u0161\u0161\u00ed, tedy jistoty, \u017ee budete m\u00edt kde \u017e\u00edt. V dne\u0161n\u00ed dob\u011b v\u0161ak nen\u00ed snadn\u00e9 na\u0161et\u0159it si na vlastn\u00ed bydlen\u00ed, jeliko\u017e obytn\u00e9 nemovitosti jsou rok od roku dra\u017e\u0161\u00ed a dra\u017e\u0161\u00ed. Dokonce ani z\u00edsk\u00e1n\u00ed hypot\u00e9ky...<p class=\"more-link\"><a href=\"https:\/\/www.eupatrid.cz\/vhodne-bydleni-i-pro-mensi-rodinu\/\" class=\"themebutton3\">Read More<\/a><\/p>","datePublished":"2021-11-20","dateModified":"2023-05-02","author":{"@type":"Person","@id":"https:\/\/www.eupatrid.cz\/author\/#Person","name":"","url":"https:\/\/www.eupatrid.cz\/author\/","identifier":1,"image":{"@type":"ImageObject","@id":"https:\/\/secure.gravatar.com\/avatar\/53c590fdd1ec24ee297a15a00a0829b5191e9163e4cc5dbbee20ed40fcc30ad9?s=96&d=mm&r=g","url":"https:\/\/secure.gravatar.com\/avatar\/53c590fdd1ec24ee297a15a00a0829b5191e9163e4cc5dbbee20ed40fcc30ad9?s=96&d=mm&r=g","height":96,"width":96}},"publisher":{"@type":"Organization","name":"eupatrid.cz","logo":{"@type":"ImageObject","@id":"\/logo.png","url":"\/logo.png","width":600,"height":60}},"image":{"@type":"ImageObject","@id":"https:\/\/www.eupatrid.cz\/wp-content\/uploads\/Architekt%20u%20domu_2.jpg","url":"https:\/\/www.eupatrid.cz\/wp-content\/uploads\/Architekt%20u%20domu_2.jpg","height":0,"width":0},"url":"https:\/\/www.eupatrid.cz\/vhodne-bydleni-i-pro-mensi-rodinu\/","video":{"@context":"http:\/\/schema.org\/","@type":"VideoObject","@id":"https:\/\/www.youtube.com\/watch?v=7eDuRAxhqSk#VideoObject","contentUrl":"https:\/\/www.youtube.com\/watch?v=7eDuRAxhqSk","name":"Mobilheimy - vyb\u00edr\u00e1me  mobiln\u00ed d\u016fm, karavany  -  erbos.cz","description":"Mobilheimy  -  erbos.cz","thumbnailUrl":["https:\/\/i.ytimg.com\/vi\/7eDuRAxhqSk\/default.jpg","https:\/\/i.ytimg.com\/vi\/7eDuRAxhqSk\/mqdefault.jpg","https:\/\/i.ytimg.com\/vi\/7eDuRAxhqSk\/hqdefault.jpg","https:\/\/i.ytimg.com\/vi\/7eDuRAxhqSk\/sddefault.jpg","https:\/\/i.ytimg.com\/vi\/7eDuRAxhqSk\/maxresdefault.jpg"],"uploadDate":"2020-04-01T14:42:22+00:00","duration":"PT14M29S","embedUrl":"https:\/\/www.youtube.com\/embed\/7eDuRAxhqSk","publisher":{"@type":"Organization","@id":"https:\/\/www.youtube.com\/channel\/UCMG548NmkEts0eBjwut2KuQ#Organization","url":"https:\/\/www.youtube.com\/channel\/UCMG548NmkEts0eBjwut2KuQ","name":"erbos cz","description":"Youngtimer and classic cars \n\nUka\u017e Vr\u00e1nu:\nChcete uk\u00e1zat V\u00e1\u0161 v\u016fz cel\u00e9mu sv\u011btu? Nev\u00e1hejte a kontaktujte n\u00e1s na adrese: erbos@seznam.cz \nWhatsapp 721261201\n\n\nLov\u00edme \u0160kodovky:\nNenechte se zm\u00fdlit t\u00edmto n\u00e1zvem lov\u00edme vozy v\u0161ech zna\u010dek. Nejrad\u011bji veter\u00e1ny,  ale nepohrdneme ani zaj\u00edmav\u00fdm Young timerem\nOdt\u00e1hneme i V\u00e1\u0161 vrak.\nUm\u00edme ekolikvidace a v p\u0159\u00edpad\u011b z\u00e1jmu dod\u00e1me potvrzen\u00ed o likvidaci.  \nNab\u00eddky m\u016f\u017eete pos\u00edlat na email erbos@seznam.cz  Nebo na Whatsapp 721261201\n\nErbos Podcast \nM\u00e1\u0161 co \u0159\u00edct sv\u011btu? Zastav se  na kus \u0159e\u010di nejen o autech. V na\u0161em studiu m\u016f\u017eeme probrat v\u011bci aktu\u00e1ln\u00ed,  nebo co n\u00e1s zrovna napadne. \ndomluv si term\u00edn: erbos@seznam.cz \nWhatsapp 721261201","logo":{"url":"https:\/\/yt3.ggpht.com\/b4yI-CvSo0wVa9n5E2y2_67B1qX1zxPgDGYr-YtpnzIBfQrKAlZJHsW0Mjn2ThRhGIAOzmRB=s800-c-k-c0x00ffffff-no-rj","width":800,"height":800,"@type":"ImageObject","@id":"https:\/\/www.youtube.com\/watch?v=7eDuRAxhqSk#VideoObject_publisher_logo_ImageObject"}},"potentialAction":{"@type":"SeekToAction","@id":"https:\/\/www.youtube.com\/watch?v=7eDuRAxhqSk#VideoObject_potentialAction","target":"https:\/\/www.youtube.com\/watch?v=7eDuRAxhqSk&t={seek_to_second_number}","startOffset-input":"required name=seek_to_second_number"},"interactionStatistic":[[{"@type":"InteractionCounter","@id":"https:\/\/www.youtube.com\/watch?v=7eDuRAxhqSk#VideoObject_interactionStatistic_WatchAction","interactionType":{"@type":"WatchAction"},"userInteractionCount":90791}],{"@type":"InteractionCounter","@id":"https:\/\/www.youtube.com\/watch?v=7eDuRAxhqSk#VideoObject_interactionStatistic_LikeAction","interactionType":{"@type":"LikeAction"},"userInteractionCount":772}]},"about":["Domov"],"wordCount":439,"articleBody":"   Existuje jen m\u00e1lo lid\u00ed, co by necht\u011bli bydlet ve sv\u00e9m. M\u00edt vlastn\u00ed st\u0159echu nad hlavou toti\u017e poskytuje celou \u0159adu v\u00fdhodu v\u010detn\u011b t\u00e9 nejvy\u0161\u0161\u00ed, tedy jistoty, \u017ee budete m\u00edt kde \u017e\u00edt. V dne\u0161n\u00ed dob\u011b v\u0161ak nen\u00ed snadn\u00e9 na\u0161et\u0159it si na vlastn\u00ed bydlen\u00ed, jeliko\u017e obytn\u00e9 nemovitosti jsou rok od roku dra\u017e\u0161\u00ed a dra\u017e\u0161\u00ed. Dokonce ani z\u00edsk\u00e1n\u00ed hypot\u00e9ky nen\u00ed tak snadn\u00e9 jako tomu b\u00fdvalo p\u0159ed lety. Dnes mus\u00edte m\u00edt na kont\u011b ur\u010dit\u00e9 procento z ceny popt\u00e1van\u00e9 nemovitosti a rovn\u011b\u017e se sm\u00ed\u0159it s nek\u0159es\u0165ansk\u00fdmi \u00faroky. A to ka\u017ed\u00fd nechce.Probl\u00e9m je, \u017ee mo\u017enost\u00ed, mimo bydlen\u00ed v n\u00e1jmu, zase tolik nen\u00ed. Kdo nem\u016f\u017ee bydlet ve sv\u00e9m byt\u011b, p\u0159\u00edpadn\u011b netou\u017e\u00ed b\u00fdt v n\u00e1jmu, mus\u00ed volit z velmi m\u00e1la mo\u017enost\u00ed. Jednou z nich je i mobilheim top-mobilnidomy.cz, je\u017e sice nen\u00ed \u00fapln\u011b dokonal\u00fd, nicm\u00e9n\u011b je v\u00edce ne\u017e dostate\u010dn\u011b p\u0159ipraven k celoro\u010dn\u00edmu bydlen\u00ed.V\u00fdbava je excelentn\u00edNebudeme si nic nalh\u00e1vat, o ide\u00e1ln\u00ed obydl\u00ed skute\u010dn\u011b nejde, ale to neznamen\u00e1, \u017ee se v t\u011bch domc\u00edch ned\u00e1 \u017e\u00edt. To v\u016fbec ne. Hlavn\u011b v nejnov\u011bj\u0161\u00edch verz\u00edch, kter\u00e9 poskytuj\u00ed u\u017e docela slu\u0161n\u00fd komfort, je mo\u017en\u00e9 bydlet zcela norm\u00e1ln\u011b, a to i s rodinou. Modely nejnov\u011bj\u0161\u00ed generace jsou toti\u017e zase o n\u011bco v\u011bt\u0161\u00ed a nejsou tak vhodn\u00e9 pouze pro jednotlivce, p\u0159\u00edpadn\u011b p\u00e1ry, ale mohou v nich bydlet i men\u0161\u00ed rodiny s jedn\u00edm d\u00edt\u011btem. Pozitivn\u00ed nav\u00edc, \u017ee mobilheim nov\u00e9 generace disponuje skv\u011bl\u00fdm vnit\u0159n\u00edm vybaven\u00edm. Rozhodn\u011b tak nebude pot\u0159eba dokupovat nic extra nav\u00edc, jeliko\u017e jak n\u00e1bytek, tak i v\u011bt\u0161ina relevantn\u00edch elektrospot\u0159ebi\u010d\u016f je ji\u017e sou\u010d\u00e1st\u00ed tohoto bydlen\u00ed.Kade\u0159nictv\u00edSamoz\u0159ejm\u011b, \u017ee z logiky v\u011bci nejv\u00edce z\u00e1jemc\u016f o tento druh bydlen\u00ed maj\u00ed lid\u00e9 tou\u017e\u00edc\u00ed \u017e\u00edt v n\u011b\u010dem vlastn\u00edm, ov\u0161em to neznamen\u00e1, \u017ee by se nemohly mobiln\u00ed domky pou\u017e\u00edvat i k jin\u00fdm \u00fa\u010del\u016fm, t\u0159eba k podnik\u00e1n\u00ed. Mohou a b\u011b\u017en\u011b se to tak i d\u011bje. Tento druh obydl\u00ed tak m\u016f\u017ee slou\u017eit nejen jako st\u00e1nky s ob\u010derstven\u00e9m, ale d\u00e1 se p\u0159ed\u011blat t\u0159eba i do podoby kade\u0159nictv\u00ed nebo mal\u00e9ho nehtov\u00e9ho sal\u00f3nku. Mo\u017enost\u00ed je samoz\u0159ejm\u011b daleko v\u00edce a hodn\u011b z\u00e1le\u017e\u00ed jak na fantazii majitele, tak i na modelu, kter\u00fd si po\u0159\u00eddil.                                                                                                                                                                                                                                                                                                                                                                                           3.9\/5 - (11 votes)        "},{"@context":"https:\/\/schema.org\/","@type":"BreadcrumbList","itemListElement":[{"@type":"ListItem","position":1,"name":"Vhodn\u011b bydlen\u00ed i pro men\u0161\u00ed rodinu","item":"https:\/\/www.eupatrid.cz\/vhodne-bydleni-i-pro-mensi-rodinu\/#breadcrumbitem"}]}]