[{"@context":"https:\/\/schema.org\/","@type":"Article","@id":"https:\/\/www.eupatrid.cz\/profesionalni-pristup\/#Article","mainEntityOfPage":"https:\/\/www.eupatrid.cz\/profesionalni-pristup\/","headline":"Profesion\u00e1ln\u00ed p\u0159\u00edstup","name":"Profesion\u00e1ln\u00ed p\u0159\u00edstup","description":"V dne\u0161n\u00ed dob\u011b si lid\u00e9 po\u0159izuj\u00ed nov\u00e1 okna hned z n\u011bkolika d\u016fvod\u016f. T\u00edm nejd\u016fle\u017eit\u011bj\u0161\u00edm je asi to, \u017ee energie st\u00e1le zdra\u017euj\u00ed a nov\u00e1 kvalitn\u00ed okna dok\u00e1\u017eou u\u0161et\u0159it nemal\u00e9 pen\u00edze za vyt\u00e1p\u011bn\u00ed a investice do nich se \u010dasem vr\u00e1t\u00ed. D\u00e1le je to tak\u00e9 estetick\u00e1 str\u00e1nka a akustick\u00e1 izolace. Eurookna od spole\u010dnosti Windowpro v\u0161echny tyto krit\u00e9ria skv\u011ble...<p class=\"more-link\"><a href=\"https:\/\/www.eupatrid.cz\/profesionalni-pristup\/\" class=\"themebutton3\">Read More<\/a><\/p>","datePublished":"2025-01-15","dateModified":"2025-01-15","author":{"@type":"Person","@id":"https:\/\/www.eupatrid.cz\/author\/#Person","name":"","url":"https:\/\/www.eupatrid.cz\/author\/","identifier":1,"image":{"@type":"ImageObject","@id":"https:\/\/secure.gravatar.com\/avatar\/53c590fdd1ec24ee297a15a00a0829b5191e9163e4cc5dbbee20ed40fcc30ad9?s=96&d=mm&r=g","url":"https:\/\/secure.gravatar.com\/avatar\/53c590fdd1ec24ee297a15a00a0829b5191e9163e4cc5dbbee20ed40fcc30ad9?s=96&d=mm&r=g","height":96,"width":96}},"publisher":{"@type":"Organization","name":"eupatrid.cz","logo":{"@type":"ImageObject","@id":"\/logo.png","url":"\/logo.png","width":600,"height":60}},"url":"https:\/\/www.eupatrid.cz\/profesionalni-pristup\/","wordCount":165,"articleBody":"V dne\u0161n\u00ed dob\u011b si lid\u00e9 po\u0159izuj\u00ed nov\u00e1 okna hned z n\u011bkolika d\u016fvod\u016f. T\u00edm nejd\u016fle\u017eit\u011bj\u0161\u00edm je asi to, \u017ee energie st\u00e1le zdra\u017euj\u00ed a nov\u00e1 kvalitn\u00ed okna dok\u00e1\u017eou u\u0161et\u0159it nemal\u00e9 pen\u00edze za vyt\u00e1p\u011bn\u00ed a investice do nich se \u010dasem vr\u00e1t\u00ed. D\u00e1le je to tak\u00e9 estetick\u00e1 str\u00e1nka a akustick\u00e1 izolace. Eurookna od spole\u010dnosti Windowpro v\u0161echny tyto krit\u00e9ria skv\u011ble spl\u0148uj\u00ed. V na\u0161\u00ed nab\u00eddce si vybere ka\u017ed\u00fd. Ty jsou t\u00e9 nejvy\u0161\u0161\u00ed kvality, proto\u017ee do na\u0161\u00ed nab\u00eddky se dostanou jen \u0161pi\u010dkov\u00e9 v\u00fdrobky s potvrzenou zem\u00ed p\u016fvodu. V\u0161echna na\u0161e okna poch\u00e1zej\u00ed pouze z \u010cesk\u00e9 republiky nebo Slovenska a jsou \u0161pi\u010dkov\u00e9 kvality. Profesion\u00e1ln\u00ed p\u0159\u00edstup Nenab\u00edz\u00edme jen ty nejlep\u0161\u00ed eurookna na trhu, ale i ten nejlep\u0161\u00ed z\u00e1kaznick\u00fd servis. Na\u0161i profesion\u00e1lov\u00e9 v\u00e1m porad\u00ed v ka\u017ed\u00e9 va\u0161\u00ed ot\u00e1zce.                                                                                                                                                                                                                                                                                                                                                                                        5\/5 - (3 votes)        "},{"@context":"https:\/\/schema.org\/","@type":"BreadcrumbList","itemListElement":[{"@type":"ListItem","position":1,"name":"Profesion\u00e1ln\u00ed p\u0159\u00edstup","item":"https:\/\/www.eupatrid.cz\/profesionalni-pristup\/#breadcrumbitem"}]}]