{"@context":"https:\/\/schema.org\/","@type":"CollectionPage","@id":"https:\/\/www.eupatrid.cz\/produkty\/#CollectionPage","headline":"Produkty Category","description":"","url":"https:\/\/www.eupatrid.cz\/produkty\/","hasPart":[{"@type":"Article","@id":"https:\/\/www.eupatrid.cz\/spolehliva-stavebni-firma\/","headline":"Spolehliv\u00e1 stavebn\u00ed firma","url":"https:\/\/www.eupatrid.cz\/spolehliva-stavebni-firma\/","datePublished":"2021-11-21","dateModified":"2023-05-02","mainEntityOfPage":"https:\/\/www.eupatrid.cz\/spolehliva-stavebni-firma\/","author":{"@type":"Person","@id":"https:\/\/www.eupatrid.cz\/author\/#Person","name":"","url":"https:\/\/www.eupatrid.cz\/author\/","identifier":1,"image":{"@type":"ImageObject","@id":"https:\/\/secure.gravatar.com\/avatar\/53c590fdd1ec24ee297a15a00a0829b5191e9163e4cc5dbbee20ed40fcc30ad9?s=96&d=mm&r=g","url":"https:\/\/secure.gravatar.com\/avatar\/53c590fdd1ec24ee297a15a00a0829b5191e9163e4cc5dbbee20ed40fcc30ad9?s=96&d=mm&r=g","height":96,"width":96}},"publisher":{"@type":"Organization","name":"eupatrid.cz","logo":{"@type":"ImageObject","@id":"\/logo.png","url":"\/logo.png","width":600,"height":60}},"image":{"@type":"ImageObject","@id":"https:\/\/www.eupatrid.cz\/wp-content\/uploads\/house-gba938f474_1920.jpg","url":"https:\/\/www.eupatrid.cz\/wp-content\/uploads\/house-gba938f474_1920.jpg","height":0,"width":0},"keywords":null},{"@type":"Article","@id":"https:\/\/www.eupatrid.cz\/financni-pomoc-po-dopravni-nehode\/","headline":"Finan\u010dn\u00ed pomoc po dopravn\u00ed nehod\u011b","url":"https:\/\/www.eupatrid.cz\/financni-pomoc-po-dopravni-nehode\/","datePublished":"2021-11-20","dateModified":"2023-05-02","mainEntityOfPage":"https:\/\/www.eupatrid.cz\/financni-pomoc-po-dopravni-nehode\/","author":{"@type":"Person","@id":"https:\/\/www.eupatrid.cz\/author\/#Person","name":"","url":"https:\/\/www.eupatrid.cz\/author\/","identifier":1,"image":{"@type":"ImageObject","@id":"https:\/\/secure.gravatar.com\/avatar\/53c590fdd1ec24ee297a15a00a0829b5191e9163e4cc5dbbee20ed40fcc30ad9?s=96&d=mm&r=g","url":"https:\/\/secure.gravatar.com\/avatar\/53c590fdd1ec24ee297a15a00a0829b5191e9163e4cc5dbbee20ed40fcc30ad9?s=96&d=mm&r=g","height":96,"width":96}},"publisher":{"@type":"Organization","name":"eupatrid.cz","logo":{"@type":"ImageObject","@id":"\/logo.png","url":"\/logo.png","width":600,"height":60}},"image":{"@type":"ImageObject","@id":"https:\/\/www.eupatrid.cz\/wp-content\/uploads\/headlamp-g021a3c8b0_640.jpg","url":"https:\/\/www.eupatrid.cz\/wp-content\/uploads\/headlamp-g021a3c8b0_640.jpg","height":0,"width":0},"keywords":null},{"@type":"Article","@id":"https:\/\/www.eupatrid.cz\/ubrat-na-vaze-muzete-hlavne-pomoci-jidelnicku\/","headline":"Ubrat na v\u00e1ze m\u016f\u017eete hlavn\u011b pomoc\u00ed j\u00eddeln\u00ed\u010dku","url":"https:\/\/www.eupatrid.cz\/ubrat-na-vaze-muzete-hlavne-pomoci-jidelnicku\/","datePublished":"2021-11-20","dateModified":"2023-05-02","mainEntityOfPage":"https:\/\/www.eupatrid.cz\/ubrat-na-vaze-muzete-hlavne-pomoci-jidelnicku\/","author":{"@type":"Person","@id":"https:\/\/www.eupatrid.cz\/author\/#Person","name":"","url":"https:\/\/www.eupatrid.cz\/author\/","identifier":1,"image":{"@type":"ImageObject","@id":"https:\/\/secure.gravatar.com\/avatar\/53c590fdd1ec24ee297a15a00a0829b5191e9163e4cc5dbbee20ed40fcc30ad9?s=96&d=mm&r=g","url":"https:\/\/secure.gravatar.com\/avatar\/53c590fdd1ec24ee297a15a00a0829b5191e9163e4cc5dbbee20ed40fcc30ad9?s=96&d=mm&r=g","height":96,"width":96}},"publisher":{"@type":"Organization","name":"eupatrid.cz","logo":{"@type":"ImageObject","@id":"\/logo.png","url":"\/logo.png","width":600,"height":60}},"image":{"@type":"ImageObject","@id":"https:\/\/www.eupatrid.cz\/wp-content\/uploads\/%C5%A0vestky_5.jpg","url":"https:\/\/www.eupatrid.cz\/wp-content\/uploads\/%C5%A0vestky_5.jpg","height":0,"width":0},"keywords":null},{"@type":"Article","@id":"https:\/\/www.eupatrid.cz\/obaly-na-mobil\/","headline":"Obaly na mobil","url":"https:\/\/www.eupatrid.cz\/obaly-na-mobil\/","datePublished":"2021-11-10","dateModified":"2023-05-02","mainEntityOfPage":"https:\/\/www.eupatrid.cz\/obaly-na-mobil\/","author":{"@type":"Person","@id":"https:\/\/www.eupatrid.cz\/author\/#Person","name":"","url":"https:\/\/www.eupatrid.cz\/author\/","identifier":1,"image":{"@type":"ImageObject","@id":"https:\/\/secure.gravatar.com\/avatar\/53c590fdd1ec24ee297a15a00a0829b5191e9163e4cc5dbbee20ed40fcc30ad9?s=96&d=mm&r=g","url":"https:\/\/secure.gravatar.com\/avatar\/53c590fdd1ec24ee297a15a00a0829b5191e9163e4cc5dbbee20ed40fcc30ad9?s=96&d=mm&r=g","height":96,"width":96}},"publisher":{"@type":"Organization","name":"eupatrid.cz","logo":{"@type":"ImageObject","@id":"\/logo.png","url":"\/logo.png","width":600,"height":60}},"image":{"@type":"ImageObject","@id":"https:\/\/www.eupatrid.cz\/wp-content\/uploads\/Kryt%20na%20mobil_1.jpg","url":"https:\/\/www.eupatrid.cz\/wp-content\/uploads\/Kryt%20na%20mobil_1.jpg","height":0,"width":0},"keywords":null},{"@type":"Article","@id":"https:\/\/www.eupatrid.cz\/osaceni-k-oltari\/","headline":"O\u0161acen\u00ed k olt\u00e1\u0159i","url":"https:\/\/www.eupatrid.cz\/osaceni-k-oltari\/","datePublished":"2021-08-25","dateModified":"2023-05-02","mainEntityOfPage":"https:\/\/www.eupatrid.cz\/osaceni-k-oltari\/","author":{"@type":"Person","@id":"https:\/\/www.eupatrid.cz\/author\/#Person","name":"","url":"https:\/\/www.eupatrid.cz\/author\/","identifier":1,"image":{"@type":"ImageObject","@id":"https:\/\/secure.gravatar.com\/avatar\/53c590fdd1ec24ee297a15a00a0829b5191e9163e4cc5dbbee20ed40fcc30ad9?s=96&d=mm&r=g","url":"https:\/\/secure.gravatar.com\/avatar\/53c590fdd1ec24ee297a15a00a0829b5191e9163e4cc5dbbee20ed40fcc30ad9?s=96&d=mm&r=g","height":96,"width":96}},"publisher":{"@type":"Organization","name":"eupatrid.cz","logo":{"@type":"ImageObject","@id":"\/logo.png","url":"\/logo.png","width":600,"height":60}},"image":{"@type":"ImageObject","@id":"https:\/\/www.eupatrid.cz\/wp-content\/uploads\/snubn%C3%AD%20prsteny.png","url":"https:\/\/www.eupatrid.cz\/wp-content\/uploads\/snubn%C3%AD%20prsteny.png","height":0,"width":0},"keywords":null},{"@type":"Article","@id":"https:\/\/www.eupatrid.cz\/v-cem-doma-relaxovat\/","headline":"V \u010dem doma relaxovat","url":"https:\/\/www.eupatrid.cz\/v-cem-doma-relaxovat\/","datePublished":"2021-08-20","dateModified":"2023-05-02","mainEntityOfPage":"https:\/\/www.eupatrid.cz\/v-cem-doma-relaxovat\/","author":{"@type":"Person","@id":"https:\/\/www.eupatrid.cz\/author\/#Person","name":"","url":"https:\/\/www.eupatrid.cz\/author\/","identifier":1,"image":{"@type":"ImageObject","@id":"https:\/\/secure.gravatar.com\/avatar\/53c590fdd1ec24ee297a15a00a0829b5191e9163e4cc5dbbee20ed40fcc30ad9?s=96&d=mm&r=g","url":"https:\/\/secure.gravatar.com\/avatar\/53c590fdd1ec24ee297a15a00a0829b5191e9163e4cc5dbbee20ed40fcc30ad9?s=96&d=mm&r=g","height":96,"width":96}},"publisher":{"@type":"Organization","name":"eupatrid.cz","logo":{"@type":"ImageObject","@id":"\/logo.png","url":"\/logo.png","width":600,"height":60}},"image":{"@type":"ImageObject","@id":"https:\/\/www.eupatrid.cz\/wp-content\/uploads\/young-woman-1745173_1920_1.jpg","url":"https:\/\/www.eupatrid.cz\/wp-content\/uploads\/young-woman-1745173_1920_1.jpg","height":0,"width":0},"keywords":null},{"@type":"Article","@id":"https:\/\/www.eupatrid.cz\/kazda-vyjimecna-zena-si-zaslouzi-originalni-sperk\/","headline":"Ka\u017ed\u00e1 v\u00fdjime\u010dn\u00e1 \u017eena si zaslou\u017e\u00ed origin\u00e1ln\u00ed \u0161perk","url":"https:\/\/www.eupatrid.cz\/kazda-vyjimecna-zena-si-zaslouzi-originalni-sperk\/","datePublished":"2021-06-23","dateModified":"2023-05-02","mainEntityOfPage":"https:\/\/www.eupatrid.cz\/kazda-vyjimecna-zena-si-zaslouzi-originalni-sperk\/","author":{"@type":"Person","@id":"https:\/\/www.eupatrid.cz\/author\/#Person","name":"","url":"https:\/\/www.eupatrid.cz\/author\/","identifier":1,"image":{"@type":"ImageObject","@id":"https:\/\/secure.gravatar.com\/avatar\/53c590fdd1ec24ee297a15a00a0829b5191e9163e4cc5dbbee20ed40fcc30ad9?s=96&d=mm&r=g","url":"https:\/\/secure.gravatar.com\/avatar\/53c590fdd1ec24ee297a15a00a0829b5191e9163e4cc5dbbee20ed40fcc30ad9?s=96&d=mm&r=g","height":96,"width":96}},"publisher":{"@type":"Organization","name":"eupatrid.cz","logo":{"@type":"ImageObject","@id":"\/logo.png","url":"\/logo.png","width":600,"height":60}},"image":{"@type":"ImageObject","@id":"https:\/\/www.eupatrid.cz\/wp-content\/uploads\/%C5%BEena%20sm%C3%ADch.jpeg","url":"https:\/\/www.eupatrid.cz\/wp-content\/uploads\/%C5%BEena%20sm%C3%ADch.jpeg","height":0,"width":0},"keywords":null},{"@type":"Article","@id":"https:\/\/www.eupatrid.cz\/co-ridici-na-taznem-zarizeni-ocenuji\/","headline":"Co \u0159idi\u010di na ta\u017en\u00e9m za\u0159\u00edzen\u00ed oce\u0148uj\u00ed","url":"https:\/\/www.eupatrid.cz\/co-ridici-na-taznem-zarizeni-ocenuji\/","datePublished":"2021-06-20","dateModified":"2023-05-02","mainEntityOfPage":"https:\/\/www.eupatrid.cz\/co-ridici-na-taznem-zarizeni-ocenuji\/","author":{"@type":"Person","@id":"https:\/\/www.eupatrid.cz\/author\/#Person","name":"","url":"https:\/\/www.eupatrid.cz\/author\/","identifier":1,"image":{"@type":"ImageObject","@id":"https:\/\/secure.gravatar.com\/avatar\/53c590fdd1ec24ee297a15a00a0829b5191e9163e4cc5dbbee20ed40fcc30ad9?s=96&d=mm&r=g","url":"https:\/\/secure.gravatar.com\/avatar\/53c590fdd1ec24ee297a15a00a0829b5191e9163e4cc5dbbee20ed40fcc30ad9?s=96&d=mm&r=g","height":96,"width":96}},"publisher":{"@type":"Organization","name":"eupatrid.cz","logo":{"@type":"ImageObject","@id":"\/logo.png","url":"\/logo.png","width":600,"height":60}},"image":{"@type":"ImageObject","@id":"https:\/\/www.eupatrid.cz\/wp-content\/uploads\/koncovka%20p%C5%99%C3%ADv%C4%9Bsu.jpg","url":"https:\/\/www.eupatrid.cz\/wp-content\/uploads\/koncovka%20p%C5%99%C3%ADv%C4%9Bsu.jpg","height":0,"width":0},"keywords":null},{"@type":"Article","@id":"https:\/\/www.eupatrid.cz\/kvalitni-nacini-na-ryby\/","headline":"Kvalitn\u00ed n\u00e1\u010din\u00ed na ryby","url":"https:\/\/www.eupatrid.cz\/kvalitni-nacini-na-ryby\/","datePublished":"2021-06-14","dateModified":"2023-05-02","mainEntityOfPage":"https:\/\/www.eupatrid.cz\/kvalitni-nacini-na-ryby\/","author":{"@type":"Person","@id":"https:\/\/www.eupatrid.cz\/author\/#Person","name":"","url":"https:\/\/www.eupatrid.cz\/author\/","identifier":1,"image":{"@type":"ImageObject","@id":"https:\/\/secure.gravatar.com\/avatar\/53c590fdd1ec24ee297a15a00a0829b5191e9163e4cc5dbbee20ed40fcc30ad9?s=96&d=mm&r=g","url":"https:\/\/secure.gravatar.com\/avatar\/53c590fdd1ec24ee297a15a00a0829b5191e9163e4cc5dbbee20ed40fcc30ad9?s=96&d=mm&r=g","height":96,"width":96}},"publisher":{"@type":"Organization","name":"eupatrid.cz","logo":{"@type":"ImageObject","@id":"\/logo.png","url":"\/logo.png","width":600,"height":60}},"image":{"@type":"ImageObject","@id":"https:\/\/www.eupatrid.cz\/wp-content\/uploads\/daiwa%20(4).jpg","url":"https:\/\/www.eupatrid.cz\/wp-content\/uploads\/daiwa%20(4).jpg","height":0,"width":0},"keywords":null},{"@type":"Article","@id":"https:\/\/www.eupatrid.cz\/jak-by-mela-vypadat-podlozka-na-jogu-s-obalem\/","headline":"Jak by m\u011bla vypadat podlo\u017eka na j\u00f3gu s obalem","url":"https:\/\/www.eupatrid.cz\/jak-by-mela-vypadat-podlozka-na-jogu-s-obalem\/","datePublished":"2021-04-19","dateModified":"2023-11-02","mainEntityOfPage":"https:\/\/www.eupatrid.cz\/jak-by-mela-vypadat-podlozka-na-jogu-s-obalem\/","author":{"@type":"Person","@id":"https:\/\/www.eupatrid.cz\/author\/#Person","name":"","url":"https:\/\/www.eupatrid.cz\/author\/","identifier":1,"image":{"@type":"ImageObject","@id":"https:\/\/secure.gravatar.com\/avatar\/53c590fdd1ec24ee297a15a00a0829b5191e9163e4cc5dbbee20ed40fcc30ad9?s=96&d=mm&r=g","url":"https:\/\/secure.gravatar.com\/avatar\/53c590fdd1ec24ee297a15a00a0829b5191e9163e4cc5dbbee20ed40fcc30ad9?s=96&d=mm&r=g","height":96,"width":96}},"publisher":{"@type":"Organization","name":"eupatrid.cz","logo":{"@type":"ImageObject","@id":"\/logo.png","url":"\/logo.png","width":600,"height":60}},"image":{"@type":"ImageObject","@id":"https:\/\/www.eupatrid.cz\/wp-content\/uploads\/cvi%C4%8Den%C3%AD%20j%C3%B3gy.JPG","url":"https:\/\/www.eupatrid.cz\/wp-content\/uploads\/cvi%C4%8Den%C3%AD%20j%C3%B3gy.JPG","height":0,"width":0},"keywords":null}]}