{"@context":"https:\/\/schema.org\/","@type":"CollectionPage","@id":"https:\/\/www.eupatrid.cz\/produkty\/#CollectionPage","headline":"Produkty Category","description":"","url":"https:\/\/www.eupatrid.cz\/produkty\/","hasPart":[{"@type":"Article","@id":"https:\/\/www.eupatrid.cz\/skvela-garazova-vrata\/","headline":"Skv\u011bl\u00e1 gar\u00e1\u017eov\u00e1 vrata","url":"https:\/\/www.eupatrid.cz\/skvela-garazova-vrata\/","datePublished":"2025-12-21","dateModified":"2025-12-21","mainEntityOfPage":"https:\/\/www.eupatrid.cz\/skvela-garazova-vrata\/","author":{"@type":"Person","@id":"https:\/\/www.eupatrid.cz\/author\/#Person","name":"","url":"https:\/\/www.eupatrid.cz\/author\/","identifier":1,"image":{"@type":"ImageObject","@id":"https:\/\/secure.gravatar.com\/avatar\/53c590fdd1ec24ee297a15a00a0829b5191e9163e4cc5dbbee20ed40fcc30ad9?s=96&d=mm&r=g","url":"https:\/\/secure.gravatar.com\/avatar\/53c590fdd1ec24ee297a15a00a0829b5191e9163e4cc5dbbee20ed40fcc30ad9?s=96&d=mm&r=g","height":96,"width":96}},"publisher":{"@type":"Organization","name":"eupatrid.cz","logo":{"@type":"ImageObject","@id":"\/logo.png","url":"\/logo.png","width":600,"height":60}},"image":{"@type":"ImageObject","@id":"https:\/\/www.eupatrid.cz\/wp-content\/uploads\/vrata_6.jpg","url":"https:\/\/www.eupatrid.cz\/wp-content\/uploads\/vrata_6.jpg","height":0,"width":0},"keywords":null},{"@type":"Article","@id":"https:\/\/www.eupatrid.cz\/automaticke-posuvne-dvere-pro-vstup-do-rodinneho-domu\/","headline":"Automatick\u00e9 posuvn\u00e9 dve\u0159e pro vstup do rodinn\u00e9ho domu","url":"https:\/\/www.eupatrid.cz\/automaticke-posuvne-dvere-pro-vstup-do-rodinneho-domu\/","datePublished":"2025-11-14","dateModified":"2025-11-14","mainEntityOfPage":"https:\/\/www.eupatrid.cz\/automaticke-posuvne-dvere-pro-vstup-do-rodinneho-domu\/","author":{"@type":"Person","@id":"https:\/\/www.eupatrid.cz\/author\/#Person","name":"","url":"https:\/\/www.eupatrid.cz\/author\/","identifier":1,"image":{"@type":"ImageObject","@id":"https:\/\/secure.gravatar.com\/avatar\/53c590fdd1ec24ee297a15a00a0829b5191e9163e4cc5dbbee20ed40fcc30ad9?s=96&d=mm&r=g","url":"https:\/\/secure.gravatar.com\/avatar\/53c590fdd1ec24ee297a15a00a0829b5191e9163e4cc5dbbee20ed40fcc30ad9?s=96&d=mm&r=g","height":96,"width":96}},"publisher":{"@type":"Organization","name":"eupatrid.cz","logo":{"@type":"ImageObject","@id":"\/logo.png","url":"\/logo.png","width":600,"height":60}},"image":{"@type":"ImageObject","@id":"https:\/\/www.eupatrid.cz\/wp-content\/uploads\/large-home-389271_640_5.jpg","url":"https:\/\/www.eupatrid.cz\/wp-content\/uploads\/large-home-389271_640_5.jpg","height":0,"width":0},"keywords":null},{"@type":"Article","@id":"https:\/\/www.eupatrid.cz\/jak-si-predstavuji-ekologicke-baleni-zbozi-z-e-shopu\/","headline":"Jak si p\u0159edstavuji ekologick\u00e9 balen\u00ed zbo\u017e\u00ed z e-shop\u016f","url":"https:\/\/www.eupatrid.cz\/jak-si-predstavuji-ekologicke-baleni-zbozi-z-e-shopu\/","datePublished":"2025-11-10","dateModified":"2025-11-10","mainEntityOfPage":"https:\/\/www.eupatrid.cz\/jak-si-predstavuji-ekologicke-baleni-zbozi-z-e-shopu\/","author":{"@type":"Person","@id":"https:\/\/www.eupatrid.cz\/author\/#Person","name":"","url":"https:\/\/www.eupatrid.cz\/author\/","identifier":1,"image":{"@type":"ImageObject","@id":"https:\/\/secure.gravatar.com\/avatar\/53c590fdd1ec24ee297a15a00a0829b5191e9163e4cc5dbbee20ed40fcc30ad9?s=96&d=mm&r=g","url":"https:\/\/secure.gravatar.com\/avatar\/53c590fdd1ec24ee297a15a00a0829b5191e9163e4cc5dbbee20ed40fcc30ad9?s=96&d=mm&r=g","height":96,"width":96}},"publisher":{"@type":"Organization","name":"eupatrid.cz","logo":{"@type":"ImageObject","@id":"\/logo.png","url":"\/logo.png","width":600,"height":60}},"image":{"@type":"ImageObject","@id":"https:\/\/www.eupatrid.cz\/wp-content\/uploads\/arts-and-crafts-1867323_640_10_4.jpg","url":"https:\/\/www.eupatrid.cz\/wp-content\/uploads\/arts-and-crafts-1867323_640_10_4.jpg","height":0,"width":0},"keywords":null},{"@type":"Article","@id":"https:\/\/www.eupatrid.cz\/skrine-do-domacnosti\/","headline":"Sk\u0159\u00edn\u011b do dom\u00e1cnosti","url":"https:\/\/www.eupatrid.cz\/skrine-do-domacnosti\/","datePublished":"2025-10-20","dateModified":"2025-10-20","mainEntityOfPage":"https:\/\/www.eupatrid.cz\/skrine-do-domacnosti\/","author":{"@type":"Person","@id":"https:\/\/www.eupatrid.cz\/author\/#Person","name":"","url":"https:\/\/www.eupatrid.cz\/author\/","identifier":1,"image":{"@type":"ImageObject","@id":"https:\/\/secure.gravatar.com\/avatar\/53c590fdd1ec24ee297a15a00a0829b5191e9163e4cc5dbbee20ed40fcc30ad9?s=96&d=mm&r=g","url":"https:\/\/secure.gravatar.com\/avatar\/53c590fdd1ec24ee297a15a00a0829b5191e9163e4cc5dbbee20ed40fcc30ad9?s=96&d=mm&r=g","height":96,"width":96}},"publisher":{"@type":"Organization","name":"eupatrid.cz","logo":{"@type":"ImageObject","@id":"\/logo.png","url":"\/logo.png","width":600,"height":60}},"image":{"@type":"ImageObject","@id":"https:\/\/www.eupatrid.cz\/wp-content\/uploads\/towels-923505_640_10_10.jpg","url":"https:\/\/www.eupatrid.cz\/wp-content\/uploads\/towels-923505_640_10_10.jpg","height":0,"width":0},"keywords":null},{"@type":"Article","@id":"https:\/\/www.eupatrid.cz\/vedlejsi-vchodove-dvere-v-rodinnem-dome\/","headline":"Vedlej\u0161\u00ed vchodov\u00e9 dve\u0159e v rodinn\u00e9m dom\u011b","url":"https:\/\/www.eupatrid.cz\/vedlejsi-vchodove-dvere-v-rodinnem-dome\/","datePublished":"2025-10-13","dateModified":"2025-10-13","mainEntityOfPage":"https:\/\/www.eupatrid.cz\/vedlejsi-vchodove-dvere-v-rodinnem-dome\/","author":{"@type":"Person","@id":"https:\/\/www.eupatrid.cz\/author\/#Person","name":"","url":"https:\/\/www.eupatrid.cz\/author\/","identifier":1,"image":{"@type":"ImageObject","@id":"https:\/\/secure.gravatar.com\/avatar\/53c590fdd1ec24ee297a15a00a0829b5191e9163e4cc5dbbee20ed40fcc30ad9?s=96&d=mm&r=g","url":"https:\/\/secure.gravatar.com\/avatar\/53c590fdd1ec24ee297a15a00a0829b5191e9163e4cc5dbbee20ed40fcc30ad9?s=96&d=mm&r=g","height":96,"width":96}},"publisher":{"@type":"Organization","name":"eupatrid.cz","logo":{"@type":"ImageObject","@id":"\/logo.png","url":"\/logo.png","width":600,"height":60}},"image":{"@type":"ImageObject","@id":"https:\/\/www.eupatrid.cz\/wp-content\/uploads\/doorway-3293341_640_1.jpg","url":"https:\/\/www.eupatrid.cz\/wp-content\/uploads\/doorway-3293341_640_1.jpg","height":0,"width":0},"keywords":null},{"@type":"Article","@id":"https:\/\/www.eupatrid.cz\/jake-svatebni-saty-chcete\/","headline":"Jak\u00e9 svatebn\u00ed \u0161aty chcete?","url":"https:\/\/www.eupatrid.cz\/jake-svatebni-saty-chcete\/","datePublished":"2025-08-16","dateModified":"2025-08-16","mainEntityOfPage":"https:\/\/www.eupatrid.cz\/jake-svatebni-saty-chcete\/","author":{"@type":"Person","@id":"https:\/\/www.eupatrid.cz\/author\/#Person","name":"","url":"https:\/\/www.eupatrid.cz\/author\/","identifier":1,"image":{"@type":"ImageObject","@id":"https:\/\/secure.gravatar.com\/avatar\/53c590fdd1ec24ee297a15a00a0829b5191e9163e4cc5dbbee20ed40fcc30ad9?s=96&d=mm&r=g","url":"https:\/\/secure.gravatar.com\/avatar\/53c590fdd1ec24ee297a15a00a0829b5191e9163e4cc5dbbee20ed40fcc30ad9?s=96&d=mm&r=g","height":96,"width":96}},"publisher":{"@type":"Organization","name":"eupatrid.cz","logo":{"@type":"ImageObject","@id":"\/logo.png","url":"\/logo.png","width":600,"height":60}},"image":{"@type":"ImageObject","@id":"https:\/\/www.eupatrid.cz\/wp-content\/uploads\/newlyweds-458119_640_5.jpg","url":"https:\/\/www.eupatrid.cz\/wp-content\/uploads\/newlyweds-458119_640_5.jpg","height":0,"width":0},"keywords":null},{"@type":"Article","@id":"https:\/\/www.eupatrid.cz\/bydleni-v-panelaku\/","headline":"Bydlen\u00ed v panel\u00e1ku","url":"https:\/\/www.eupatrid.cz\/bydleni-v-panelaku\/","datePublished":"2025-07-06","dateModified":"2025-07-06","mainEntityOfPage":"https:\/\/www.eupatrid.cz\/bydleni-v-panelaku\/","author":{"@type":"Person","@id":"https:\/\/www.eupatrid.cz\/author\/#Person","name":"","url":"https:\/\/www.eupatrid.cz\/author\/","identifier":1,"image":{"@type":"ImageObject","@id":"https:\/\/secure.gravatar.com\/avatar\/53c590fdd1ec24ee297a15a00a0829b5191e9163e4cc5dbbee20ed40fcc30ad9?s=96&d=mm&r=g","url":"https:\/\/secure.gravatar.com\/avatar\/53c590fdd1ec24ee297a15a00a0829b5191e9163e4cc5dbbee20ed40fcc30ad9?s=96&d=mm&r=g","height":96,"width":96}},"publisher":{"@type":"Organization","name":"eupatrid.cz","logo":{"@type":"ImageObject","@id":"\/logo.png","url":"\/logo.png","width":600,"height":60}},"image":{"@type":"ImageObject","@id":"https:\/\/www.eupatrid.cz\/wp-content\/uploads\/bridge-house-2524147_640_1.jpg","url":"https:\/\/www.eupatrid.cz\/wp-content\/uploads\/bridge-house-2524147_640_1.jpg","height":0,"width":0},"keywords":null},{"@type":"Article","@id":"https:\/\/www.eupatrid.cz\/prenesme-se-do-povalecnych-let-za-ocean-s-vozem-studebaker-commander-starlight\/","headline":"P\u0159enesme se do pov\u00e1le\u010dn\u00fdch let za oce\u00e1n s vozem Studebaker Commander Starlight","url":"https:\/\/www.eupatrid.cz\/prenesme-se-do-povalecnych-let-za-ocean-s-vozem-studebaker-commander-starlight\/","datePublished":"2025-04-09","dateModified":"2025-04-09","mainEntityOfPage":"https:\/\/www.eupatrid.cz\/prenesme-se-do-povalecnych-let-za-ocean-s-vozem-studebaker-commander-starlight\/","author":{"@type":"Person","@id":"https:\/\/www.eupatrid.cz\/author\/#Person","name":"","url":"https:\/\/www.eupatrid.cz\/author\/","identifier":1,"image":{"@type":"ImageObject","@id":"https:\/\/secure.gravatar.com\/avatar\/53c590fdd1ec24ee297a15a00a0829b5191e9163e4cc5dbbee20ed40fcc30ad9?s=96&d=mm&r=g","url":"https:\/\/secure.gravatar.com\/avatar\/53c590fdd1ec24ee297a15a00a0829b5191e9163e4cc5dbbee20ed40fcc30ad9?s=96&d=mm&r=g","height":96,"width":96}},"publisher":{"@type":"Organization","name":"eupatrid.cz","logo":{"@type":"ImageObject","@id":"\/logo.png","url":"\/logo.png","width":600,"height":60}},"image":{"@type":"ImageObject","@id":"https:\/\/www.eupatrid.cz\/wp-content\/uploads\/studebaker-1840715_640.jpg","url":"https:\/\/www.eupatrid.cz\/wp-content\/uploads\/studebaker-1840715_640.jpg","height":0,"width":0},"keywords":null},{"@type":"Article","@id":"https:\/\/www.eupatrid.cz\/zateplujeme-bytovy-dum-bezpecne-a-spolehlive\/","headline":"Zateplujeme bytov\u00fd d\u016fm bezpe\u010dn\u011b a spolehliv\u011b","url":"https:\/\/www.eupatrid.cz\/zateplujeme-bytovy-dum-bezpecne-a-spolehlive\/","datePublished":"2025-03-24","dateModified":"2025-03-24","mainEntityOfPage":"https:\/\/www.eupatrid.cz\/zateplujeme-bytovy-dum-bezpecne-a-spolehlive\/","author":{"@type":"Person","@id":"https:\/\/www.eupatrid.cz\/author\/#Person","name":"","url":"https:\/\/www.eupatrid.cz\/author\/","identifier":1,"image":{"@type":"ImageObject","@id":"https:\/\/secure.gravatar.com\/avatar\/53c590fdd1ec24ee297a15a00a0829b5191e9163e4cc5dbbee20ed40fcc30ad9?s=96&d=mm&r=g","url":"https:\/\/secure.gravatar.com\/avatar\/53c590fdd1ec24ee297a15a00a0829b5191e9163e4cc5dbbee20ed40fcc30ad9?s=96&d=mm&r=g","height":96,"width":96}},"publisher":{"@type":"Organization","name":"eupatrid.cz","logo":{"@type":"ImageObject","@id":"\/logo.png","url":"\/logo.png","width":600,"height":60}},"image":{"@type":"ImageObject","@id":"https:\/\/www.eupatrid.cz\/wp-content\/uploads\/framework-3328433_640_10_4.jpg","url":"https:\/\/www.eupatrid.cz\/wp-content\/uploads\/framework-3328433_640_10_4.jpg","height":0,"width":0},"keywords":null},{"@type":"Article","@id":"https:\/\/www.eupatrid.cz\/nezmeskejte-letadlo-pred-nocnim-odletem-na-gran-canaria\/","headline":"Nezme\u0161kejte letadlo p\u0159ed no\u010dn\u00edm odletem na Gran Canaria","url":"https:\/\/www.eupatrid.cz\/nezmeskejte-letadlo-pred-nocnim-odletem-na-gran-canaria\/","datePublished":"2025-02-11","dateModified":"2025-02-11","mainEntityOfPage":"https:\/\/www.eupatrid.cz\/nezmeskejte-letadlo-pred-nocnim-odletem-na-gran-canaria\/","author":{"@type":"Person","@id":"https:\/\/www.eupatrid.cz\/author\/#Person","name":"","url":"https:\/\/www.eupatrid.cz\/author\/","identifier":1,"image":{"@type":"ImageObject","@id":"https:\/\/secure.gravatar.com\/avatar\/53c590fdd1ec24ee297a15a00a0829b5191e9163e4cc5dbbee20ed40fcc30ad9?s=96&d=mm&r=g","url":"https:\/\/secure.gravatar.com\/avatar\/53c590fdd1ec24ee297a15a00a0829b5191e9163e4cc5dbbee20ed40fcc30ad9?s=96&d=mm&r=g","height":96,"width":96}},"publisher":{"@type":"Organization","name":"eupatrid.cz","logo":{"@type":"ImageObject","@id":"\/logo.png","url":"\/logo.png","width":600,"height":60}},"image":{"@type":"ImageObject","@id":"https:\/\/www.eupatrid.cz\/wp-content\/uploads\/maspalomas-5026585_640.jpg","url":"https:\/\/www.eupatrid.cz\/wp-content\/uploads\/maspalomas-5026585_640.jpg","height":0,"width":0},"keywords":null}]}