[{"@context":"https:\/\/schema.org\/","@type":"Blog","@id":"https:\/\/www.eupatrid.cz#Blog","headline":"Eupatrid","description":"\nJakmile se nau\u010d\u00ed lidstvo d\u011blat skute\u010dn\u00e9 z\u00e1zraky, budou n\u00e1v\u0161t\u011bvn\u00edci na\u0161eho webu ti prvn\u00ed, pro n\u011b\u017e zde budou takov\u00e9 nes\u010detn\u00e9 z\u00e1zraky vykon\u00e1v\u00e1ny.","url":"https:\/\/www.eupatrid.cz","hasPart":[{"@type":"Article","@id":"https:\/\/www.eupatrid.cz\/vzdelavaci-kurzy-se-zarucenym-uspechem-jsou-tu-presne-pro-vas\/","headline":"Vzd\u011bl\u00e1vac\u00ed kurzy se zaru\u010den\u00fdm \u00fasp\u011bchem jsou tu p\u0159esn\u011b pro v\u00e1s","url":"https:\/\/www.eupatrid.cz\/vzdelavaci-kurzy-se-zarucenym-uspechem-jsou-tu-presne-pro-vas\/","datePublished":"2023-06-28","dateModified":"2024-07-03","mainEntityOfPage":"https:\/\/www.eupatrid.cz\/vzdelavaci-kurzy-se-zarucenym-uspechem-jsou-tu-presne-pro-vas\/","author":{"@type":"Person","@id":"https:\/\/www.eupatrid.cz\/author\/#Person","name":"","url":"https:\/\/www.eupatrid.cz\/author\/","identifier":1,"image":{"@type":"ImageObject","@id":"https:\/\/secure.gravatar.com\/avatar\/53c590fdd1ec24ee297a15a00a0829b5191e9163e4cc5dbbee20ed40fcc30ad9?s=96&d=mm&r=g","url":"https:\/\/secure.gravatar.com\/avatar\/53c590fdd1ec24ee297a15a00a0829b5191e9163e4cc5dbbee20ed40fcc30ad9?s=96&d=mm&r=g","height":96,"width":96}},"publisher":{"@type":"Organization","name":"eupatrid.cz","logo":{"@type":"ImageObject","@id":"\/logo.png","url":"\/logo.png","width":600,"height":60}},"image":null,"wordCount":283,"keywords":null},{"@type":"Article","@id":"https:\/\/www.eupatrid.cz\/navstivte-kvalitni-pujcovny\/","headline":"Nav\u0161tivte kvalitn\u00ed p\u016fj\u010dovny","url":"https:\/\/www.eupatrid.cz\/navstivte-kvalitni-pujcovny\/","datePublished":"2023-05-12","dateModified":"2024-05-13","mainEntityOfPage":"https:\/\/www.eupatrid.cz\/navstivte-kvalitni-pujcovny\/","author":{"@type":"Person","@id":"https:\/\/www.eupatrid.cz\/author\/#Person","name":"","url":"https:\/\/www.eupatrid.cz\/author\/","identifier":1,"image":{"@type":"ImageObject","@id":"https:\/\/secure.gravatar.com\/avatar\/53c590fdd1ec24ee297a15a00a0829b5191e9163e4cc5dbbee20ed40fcc30ad9?s=96&d=mm&r=g","url":"https:\/\/secure.gravatar.com\/avatar\/53c590fdd1ec24ee297a15a00a0829b5191e9163e4cc5dbbee20ed40fcc30ad9?s=96&d=mm&r=g","height":96,"width":96}},"publisher":{"@type":"Organization","name":"eupatrid.cz","logo":{"@type":"ImageObject","@id":"\/logo.png","url":"\/logo.png","width":600,"height":60}},"image":null,"wordCount":251,"keywords":null},{"@type":"Article","@id":"https:\/\/www.eupatrid.cz\/aruba-rovinny-ostrov-kde-na-plazich-potkate-plamenaky\/","headline":"Aruba, rovinn\u00fd ostrov, kde na pl\u00e1\u017e\u00edch potk\u00e1te plame\u0148\u00e1ky","url":"https:\/\/www.eupatrid.cz\/aruba-rovinny-ostrov-kde-na-plazich-potkate-plamenaky\/","datePublished":"2023-05-02","dateModified":"2023-05-02","mainEntityOfPage":"https:\/\/www.eupatrid.cz\/aruba-rovinny-ostrov-kde-na-plazich-potkate-plamenaky\/","author":{"@type":"Person","@id":"https:\/\/www.eupatrid.cz\/author\/#Person","name":"","url":"https:\/\/www.eupatrid.cz\/author\/","identifier":1,"image":{"@type":"ImageObject","@id":"https:\/\/secure.gravatar.com\/avatar\/53c590fdd1ec24ee297a15a00a0829b5191e9163e4cc5dbbee20ed40fcc30ad9?s=96&d=mm&r=g","url":"https:\/\/secure.gravatar.com\/avatar\/53c590fdd1ec24ee297a15a00a0829b5191e9163e4cc5dbbee20ed40fcc30ad9?s=96&d=mm&r=g","height":96,"width":96}},"publisher":{"@type":"Organization","name":"eupatrid.cz","logo":{"@type":"ImageObject","@id":"\/logo.png","url":"\/logo.png","width":600,"height":60}},"image":null,"wordCount":448,"keywords":null},{"@type":"Article","@id":"https:\/\/www.eupatrid.cz\/pitim-kavy-zhubnete\/","headline":"Pit\u00edm k\u00e1vy zhubnete","url":"https:\/\/www.eupatrid.cz\/pitim-kavy-zhubnete\/","datePublished":"2023-05-02","dateModified":"2023-05-02","mainEntityOfPage":"https:\/\/www.eupatrid.cz\/pitim-kavy-zhubnete\/","author":{"@type":"Person","@id":"https:\/\/www.eupatrid.cz\/author\/#Person","name":"","url":"https:\/\/www.eupatrid.cz\/author\/","identifier":1,"image":{"@type":"ImageObject","@id":"https:\/\/secure.gravatar.com\/avatar\/53c590fdd1ec24ee297a15a00a0829b5191e9163e4cc5dbbee20ed40fcc30ad9?s=96&d=mm&r=g","url":"https:\/\/secure.gravatar.com\/avatar\/53c590fdd1ec24ee297a15a00a0829b5191e9163e4cc5dbbee20ed40fcc30ad9?s=96&d=mm&r=g","height":96,"width":96}},"publisher":{"@type":"Organization","name":"eupatrid.cz","logo":{"@type":"ImageObject","@id":"\/logo.png","url":"\/logo.png","width":600,"height":60}},"image":null,"wordCount":427,"keywords":null},{"@type":"Article","@id":"https:\/\/www.eupatrid.cz\/spravne-vybaveni-je-zaklad\/","headline":"Spr\u00e1vn\u00e9 vybaven\u00ed je z\u00e1klad","url":"https:\/\/www.eupatrid.cz\/spravne-vybaveni-je-zaklad\/","datePublished":"2023-04-08","dateModified":"2024-04-10","mainEntityOfPage":"https:\/\/www.eupatrid.cz\/spravne-vybaveni-je-zaklad\/","author":{"@type":"Person","@id":"https:\/\/www.eupatrid.cz\/author\/#Person","name":"","url":"https:\/\/www.eupatrid.cz\/author\/","identifier":1,"image":{"@type":"ImageObject","@id":"https:\/\/secure.gravatar.com\/avatar\/53c590fdd1ec24ee297a15a00a0829b5191e9163e4cc5dbbee20ed40fcc30ad9?s=96&d=mm&r=g","url":"https:\/\/secure.gravatar.com\/avatar\/53c590fdd1ec24ee297a15a00a0829b5191e9163e4cc5dbbee20ed40fcc30ad9?s=96&d=mm&r=g","height":96,"width":96}},"publisher":{"@type":"Organization","name":"eupatrid.cz","logo":{"@type":"ImageObject","@id":"\/logo.png","url":"\/logo.png","width":600,"height":60}},"image":null,"wordCount":551,"keywords":null},{"@type":"Article","@id":"https:\/\/www.eupatrid.cz\/naprosto-bezbolestny-porod-diky-jedinecnym-pripravnym-kurzum\/","headline":"Naprosto bezbolestn\u00fd porod d\u00edky jedine\u010dn\u00fdm p\u0159\u00edpravn\u00fdm kurz\u016fm!","url":"https:\/\/www.eupatrid.cz\/naprosto-bezbolestny-porod-diky-jedinecnym-pripravnym-kurzum\/","datePublished":"2023-02-27","dateModified":"2024-03-05","mainEntityOfPage":"https:\/\/www.eupatrid.cz\/naprosto-bezbolestny-porod-diky-jedinecnym-pripravnym-kurzum\/","author":{"@type":"Person","@id":"https:\/\/www.eupatrid.cz\/author\/#Person","name":"","url":"https:\/\/www.eupatrid.cz\/author\/","identifier":1,"image":{"@type":"ImageObject","@id":"https:\/\/secure.gravatar.com\/avatar\/53c590fdd1ec24ee297a15a00a0829b5191e9163e4cc5dbbee20ed40fcc30ad9?s=96&d=mm&r=g","url":"https:\/\/secure.gravatar.com\/avatar\/53c590fdd1ec24ee297a15a00a0829b5191e9163e4cc5dbbee20ed40fcc30ad9?s=96&d=mm&r=g","height":96,"width":96}},"publisher":{"@type":"Organization","name":"eupatrid.cz","logo":{"@type":"ImageObject","@id":"\/logo.png","url":"\/logo.png","width":600,"height":60}},"image":null,"wordCount":471,"keywords":null},{"@type":"Article","@id":"https:\/\/www.eupatrid.cz\/mile-deti\/","headline":"Mil\u00e9 d\u011bti","url":"https:\/\/www.eupatrid.cz\/mile-deti\/","datePublished":"2023-02-08","dateModified":"2023-05-02","mainEntityOfPage":"https:\/\/www.eupatrid.cz\/mile-deti\/","author":{"@type":"Person","@id":"https:\/\/www.eupatrid.cz\/author\/#Person","name":"","url":"https:\/\/www.eupatrid.cz\/author\/","identifier":1,"image":{"@type":"ImageObject","@id":"https:\/\/secure.gravatar.com\/avatar\/53c590fdd1ec24ee297a15a00a0829b5191e9163e4cc5dbbee20ed40fcc30ad9?s=96&d=mm&r=g","url":"https:\/\/secure.gravatar.com\/avatar\/53c590fdd1ec24ee297a15a00a0829b5191e9163e4cc5dbbee20ed40fcc30ad9?s=96&d=mm&r=g","height":96,"width":96}},"publisher":{"@type":"Organization","name":"eupatrid.cz","logo":{"@type":"ImageObject","@id":"\/logo.png","url":"\/logo.png","width":600,"height":60}},"image":{"@type":"ImageObject","@id":"https:\/\/www.eupatrid.cz\/wp-content\/uploads\/boy-469264_960_720.jpg","url":"https:\/\/www.eupatrid.cz\/wp-content\/uploads\/boy-469264_960_720.jpg","height":0,"width":0},"wordCount":544,"keywords":null},{"@type":"Article","@id":"https:\/\/www.eupatrid.cz\/moje-slepice\/","headline":"Moje slepice","url":"https:\/\/www.eupatrid.cz\/moje-slepice\/","datePublished":"2023-02-07","dateModified":"2023-05-02","mainEntityOfPage":"https:\/\/www.eupatrid.cz\/moje-slepice\/","author":{"@type":"Person","@id":"https:\/\/www.eupatrid.cz\/author\/#Person","name":"","url":"https:\/\/www.eupatrid.cz\/author\/","identifier":1,"image":{"@type":"ImageObject","@id":"https:\/\/secure.gravatar.com\/avatar\/53c590fdd1ec24ee297a15a00a0829b5191e9163e4cc5dbbee20ed40fcc30ad9?s=96&d=mm&r=g","url":"https:\/\/secure.gravatar.com\/avatar\/53c590fdd1ec24ee297a15a00a0829b5191e9163e4cc5dbbee20ed40fcc30ad9?s=96&d=mm&r=g","height":96,"width":96}},"publisher":{"@type":"Organization","name":"eupatrid.cz","logo":{"@type":"ImageObject","@id":"\/logo.png","url":"\/logo.png","width":600,"height":60}},"image":{"@type":"ImageObject","@id":"https:\/\/www.eupatrid.cz\/wp-content\/uploads\/rooster-1001892_960_720.jpg","url":"https:\/\/www.eupatrid.cz\/wp-content\/uploads\/rooster-1001892_960_720.jpg","height":0,"width":0},"wordCount":511,"keywords":null},{"@type":"Article","@id":"https:\/\/www.eupatrid.cz\/ne-kazdy-nam-pujci\/","headline":"Ne ka\u017ed\u00fd n\u00e1m p\u016fj\u010d\u00ed","url":"https:\/\/www.eupatrid.cz\/ne-kazdy-nam-pujci\/","datePublished":"2023-01-14","dateModified":"2023-05-02","mainEntityOfPage":"https:\/\/www.eupatrid.cz\/ne-kazdy-nam-pujci\/","author":{"@type":"Person","@id":"https:\/\/www.eupatrid.cz\/author\/#Person","name":"","url":"https:\/\/www.eupatrid.cz\/author\/","identifier":1,"image":{"@type":"ImageObject","@id":"https:\/\/secure.gravatar.com\/avatar\/53c590fdd1ec24ee297a15a00a0829b5191e9163e4cc5dbbee20ed40fcc30ad9?s=96&d=mm&r=g","url":"https:\/\/secure.gravatar.com\/avatar\/53c590fdd1ec24ee297a15a00a0829b5191e9163e4cc5dbbee20ed40fcc30ad9?s=96&d=mm&r=g","height":96,"width":96}},"publisher":{"@type":"Organization","name":"eupatrid.cz","logo":{"@type":"ImageObject","@id":"\/logo.png","url":"\/logo.png","width":600,"height":60}},"image":{"@type":"ImageObject","@id":"https:\/\/www.eupatrid.cz\/wp-content\/uploads\/money-1934037_960_720.jpg","url":"https:\/\/www.eupatrid.cz\/wp-content\/uploads\/money-1934037_960_720.jpg","height":0,"width":0},"wordCount":611,"keywords":null},{"@type":"Article","@id":"https:\/\/www.eupatrid.cz\/kvalitni-caje-s-puvodem\/","headline":"Kvalitn\u00ed \u010daje s p\u016fvodem","url":"https:\/\/www.eupatrid.cz\/kvalitni-caje-s-puvodem\/","datePublished":"2023-01-09","dateModified":"2023-10-10","mainEntityOfPage":"https:\/\/www.eupatrid.cz\/kvalitni-caje-s-puvodem\/","author":{"@type":"Person","@id":"https:\/\/www.eupatrid.cz\/author\/#Person","name":"","url":"https:\/\/www.eupatrid.cz\/author\/","identifier":1,"image":{"@type":"ImageObject","@id":"https:\/\/secure.gravatar.com\/avatar\/53c590fdd1ec24ee297a15a00a0829b5191e9163e4cc5dbbee20ed40fcc30ad9?s=96&d=mm&r=g","url":"https:\/\/secure.gravatar.com\/avatar\/53c590fdd1ec24ee297a15a00a0829b5191e9163e4cc5dbbee20ed40fcc30ad9?s=96&d=mm&r=g","height":96,"width":96}},"publisher":{"@type":"Organization","name":"eupatrid.cz","logo":{"@type":"ImageObject","@id":"\/logo.png","url":"\/logo.png","width":600,"height":60}},"image":{"@type":"ImageObject","@id":"https:\/\/www.eupatrid.cz\/wp-content\/uploads\/tea-g08f09fcfd_1920.jpg","url":"https:\/\/www.eupatrid.cz\/wp-content\/uploads\/tea-g08f09fcfd_1920.jpg","height":0,"width":0},"wordCount":525,"keywords":null}]},{"@context":"https:\/\/schema.org","@type":"WebSite","@id":"https:\/\/www.eupatrid.cz\/#website","name":"Eupatrid","url":"https:\/\/www.eupatrid.cz","potentialAction":{"@type":"SearchAction","target":"https:\/\/www.eupatrid.cz\/?s={search_term_string}","query-input":"required name=search_term_string"}}]