[{"@context":"https:\/\/schema.org\/","@type":"Blog","@id":"https:\/\/www.eupatrid.cz#Blog","headline":"Eupatrid","description":"\nJakmile se nau\u010d\u00ed lidstvo d\u011blat skute\u010dn\u00e9 z\u00e1zraky, budou n\u00e1v\u0161t\u011bvn\u00edci na\u0161eho webu ti prvn\u00ed, pro n\u011b\u017e zde budou takov\u00e9 nes\u010detn\u00e9 z\u00e1zraky vykon\u00e1v\u00e1ny.","url":"https:\/\/www.eupatrid.cz","hasPart":[{"@type":"Article","@id":"https:\/\/www.eupatrid.cz\/zajistete-si-spoustu-uzitecnych-rad-a-informaci-k-zalozeni-sve-spolecnosti\/","headline":"Zajist\u011bte si spoustu u\u017eite\u010dn\u00fdch rad a informac\u00ed k zalo\u017een\u00ed sv\u00e9 spole\u010dnosti!","url":"https:\/\/www.eupatrid.cz\/zajistete-si-spoustu-uzitecnych-rad-a-informaci-k-zalozeni-sve-spolecnosti\/","datePublished":"2024-03-29","dateModified":"2024-03-29","mainEntityOfPage":"https:\/\/www.eupatrid.cz\/zajistete-si-spoustu-uzitecnych-rad-a-informaci-k-zalozeni-sve-spolecnosti\/","author":{"@type":"Person","@id":"https:\/\/www.eupatrid.cz\/author\/#Person","name":"","url":"https:\/\/www.eupatrid.cz\/author\/","identifier":1,"image":{"@type":"ImageObject","@id":"https:\/\/secure.gravatar.com\/avatar\/53c590fdd1ec24ee297a15a00a0829b5191e9163e4cc5dbbee20ed40fcc30ad9?s=96&d=mm&r=g","url":"https:\/\/secure.gravatar.com\/avatar\/53c590fdd1ec24ee297a15a00a0829b5191e9163e4cc5dbbee20ed40fcc30ad9?s=96&d=mm&r=g","height":96,"width":96}},"publisher":{"@type":"Organization","name":"eupatrid.cz","logo":{"@type":"ImageObject","@id":"\/logo.png","url":"\/logo.png","width":600,"height":60}},"image":null,"wordCount":269,"keywords":null},{"@type":"Article","@id":"https:\/\/www.eupatrid.cz\/zabalte-si-do-folie\/","headline":"Zabalte si do f\u00f3lie","url":"https:\/\/www.eupatrid.cz\/zabalte-si-do-folie\/","datePublished":"2024-01-04","dateModified":"2024-01-04","mainEntityOfPage":"https:\/\/www.eupatrid.cz\/zabalte-si-do-folie\/","author":{"@type":"Person","@id":"https:\/\/www.eupatrid.cz\/author\/#Person","name":"","url":"https:\/\/www.eupatrid.cz\/author\/","identifier":1,"image":{"@type":"ImageObject","@id":"https:\/\/secure.gravatar.com\/avatar\/53c590fdd1ec24ee297a15a00a0829b5191e9163e4cc5dbbee20ed40fcc30ad9?s=96&d=mm&r=g","url":"https:\/\/secure.gravatar.com\/avatar\/53c590fdd1ec24ee297a15a00a0829b5191e9163e4cc5dbbee20ed40fcc30ad9?s=96&d=mm&r=g","height":96,"width":96}},"publisher":{"@type":"Organization","name":"eupatrid.cz","logo":{"@type":"ImageObject","@id":"\/logo.png","url":"\/logo.png","width":600,"height":60}},"image":null,"wordCount":293,"keywords":null},{"@type":"Article","@id":"https:\/\/www.eupatrid.cz\/koupit-viagru-je-snazsi-nez-zapracovat-sam-na-sobe\/","headline":"Koupit Viagru je snaz\u0161\u00ed, ne\u017e zapracovat s\u00e1m na sob\u011b","url":"https:\/\/www.eupatrid.cz\/koupit-viagru-je-snazsi-nez-zapracovat-sam-na-sobe\/","datePublished":"2023-12-17","dateModified":"2024-01-18","mainEntityOfPage":"https:\/\/www.eupatrid.cz\/koupit-viagru-je-snazsi-nez-zapracovat-sam-na-sobe\/","author":{"@type":"Person","@id":"https:\/\/www.eupatrid.cz\/author\/#Person","name":"","url":"https:\/\/www.eupatrid.cz\/author\/","identifier":1,"image":{"@type":"ImageObject","@id":"https:\/\/secure.gravatar.com\/avatar\/53c590fdd1ec24ee297a15a00a0829b5191e9163e4cc5dbbee20ed40fcc30ad9?s=96&d=mm&r=g","url":"https:\/\/secure.gravatar.com\/avatar\/53c590fdd1ec24ee297a15a00a0829b5191e9163e4cc5dbbee20ed40fcc30ad9?s=96&d=mm&r=g","height":96,"width":96}},"publisher":{"@type":"Organization","name":"eupatrid.cz","logo":{"@type":"ImageObject","@id":"\/logo.png","url":"\/logo.png","width":600,"height":60}},"image":{"@type":"ImageObject","@id":"https:\/\/www.eupatrid.cz\/wp-content\/uploads\/viagra-70398_640_10_10_10_10_10_10_10_5.jpg","url":"https:\/\/www.eupatrid.cz\/wp-content\/uploads\/viagra-70398_640_10_10_10_10_10_10_10_5.jpg","height":0,"width":0},"wordCount":489,"keywords":null},{"@type":"Article","@id":"https:\/\/www.eupatrid.cz\/doprejte-si-pohyb\/","headline":"Dop\u0159ejte si pohyb","url":"https:\/\/www.eupatrid.cz\/doprejte-si-pohyb\/","datePublished":"2023-11-27","dateModified":"2023-11-27","mainEntityOfPage":"https:\/\/www.eupatrid.cz\/doprejte-si-pohyb\/","author":{"@type":"Person","@id":"https:\/\/www.eupatrid.cz\/author\/#Person","name":"","url":"https:\/\/www.eupatrid.cz\/author\/","identifier":1,"image":{"@type":"ImageObject","@id":"https:\/\/secure.gravatar.com\/avatar\/53c590fdd1ec24ee297a15a00a0829b5191e9163e4cc5dbbee20ed40fcc30ad9?s=96&d=mm&r=g","url":"https:\/\/secure.gravatar.com\/avatar\/53c590fdd1ec24ee297a15a00a0829b5191e9163e4cc5dbbee20ed40fcc30ad9?s=96&d=mm&r=g","height":96,"width":96}},"publisher":{"@type":"Organization","name":"eupatrid.cz","logo":{"@type":"ImageObject","@id":"\/logo.png","url":"\/logo.png","width":600,"height":60}},"image":null,"wordCount":285,"keywords":null},{"@type":"Article","@id":"https:\/\/www.eupatrid.cz\/rozlozeni-barev-s-feng-shui\/","headline":"Rozlo\u017een\u00ed barev s Feng Shui","url":"https:\/\/www.eupatrid.cz\/rozlozeni-barev-s-feng-shui\/","datePublished":"2023-10-21","dateModified":"2023-10-21","mainEntityOfPage":"https:\/\/www.eupatrid.cz\/rozlozeni-barev-s-feng-shui\/","author":{"@type":"Person","@id":"https:\/\/www.eupatrid.cz\/author\/#Person","name":"","url":"https:\/\/www.eupatrid.cz\/author\/","identifier":1,"image":{"@type":"ImageObject","@id":"https:\/\/secure.gravatar.com\/avatar\/53c590fdd1ec24ee297a15a00a0829b5191e9163e4cc5dbbee20ed40fcc30ad9?s=96&d=mm&r=g","url":"https:\/\/secure.gravatar.com\/avatar\/53c590fdd1ec24ee297a15a00a0829b5191e9163e4cc5dbbee20ed40fcc30ad9?s=96&d=mm&r=g","height":96,"width":96}},"publisher":{"@type":"Organization","name":"eupatrid.cz","logo":{"@type":"ImageObject","@id":"\/logo.png","url":"\/logo.png","width":600,"height":60}},"image":null,"wordCount":280,"keywords":null},{"@type":"Article","@id":"https:\/\/www.eupatrid.cz\/vystraseni-v-loznici\/","headline":"Vystra\u0161en\u00ed v lo\u017enici","url":"https:\/\/www.eupatrid.cz\/vystraseni-v-loznici\/","datePublished":"2023-10-15","dateModified":"2024-05-28","mainEntityOfPage":"https:\/\/www.eupatrid.cz\/vystraseni-v-loznici\/","author":{"@type":"Person","@id":"https:\/\/www.eupatrid.cz\/author\/#Person","name":"","url":"https:\/\/www.eupatrid.cz\/author\/","identifier":1,"image":{"@type":"ImageObject","@id":"https:\/\/secure.gravatar.com\/avatar\/53c590fdd1ec24ee297a15a00a0829b5191e9163e4cc5dbbee20ed40fcc30ad9?s=96&d=mm&r=g","url":"https:\/\/secure.gravatar.com\/avatar\/53c590fdd1ec24ee297a15a00a0829b5191e9163e4cc5dbbee20ed40fcc30ad9?s=96&d=mm&r=g","height":96,"width":96}},"publisher":{"@type":"Organization","name":"eupatrid.cz","logo":{"@type":"ImageObject","@id":"\/logo.png","url":"\/logo.png","width":600,"height":60}},"image":{"@type":"ImageObject","@id":"https:\/\/www.eupatrid.cz\/wp-content\/uploads\/bed-575793_640.png","url":"https:\/\/www.eupatrid.cz\/wp-content\/uploads\/bed-575793_640.png","height":0,"width":0},"wordCount":672,"keywords":null},{"@type":"Article","@id":"https:\/\/www.eupatrid.cz\/investujte-do-neceho-diky-cemu-se-budete-citit-mnohem-lepe\/","headline":"Investujte do n\u011b\u010deho, d\u00edky \u010demu se budete c\u00edtit mnohem l\u00e9pe","url":"https:\/\/www.eupatrid.cz\/investujte-do-neceho-diky-cemu-se-budete-citit-mnohem-lepe\/","datePublished":"2023-09-12","dateModified":"2023-09-12","mainEntityOfPage":"https:\/\/www.eupatrid.cz\/investujte-do-neceho-diky-cemu-se-budete-citit-mnohem-lepe\/","author":{"@type":"Person","@id":"https:\/\/www.eupatrid.cz\/author\/#Person","name":"","url":"https:\/\/www.eupatrid.cz\/author\/","identifier":1,"image":{"@type":"ImageObject","@id":"https:\/\/secure.gravatar.com\/avatar\/53c590fdd1ec24ee297a15a00a0829b5191e9163e4cc5dbbee20ed40fcc30ad9?s=96&d=mm&r=g","url":"https:\/\/secure.gravatar.com\/avatar\/53c590fdd1ec24ee297a15a00a0829b5191e9163e4cc5dbbee20ed40fcc30ad9?s=96&d=mm&r=g","height":96,"width":96}},"publisher":{"@type":"Organization","name":"eupatrid.cz","logo":{"@type":"ImageObject","@id":"\/logo.png","url":"\/logo.png","width":600,"height":60}},"image":null,"wordCount":270,"keywords":null},{"@type":"Article","@id":"https:\/\/www.eupatrid.cz\/slozite-operace-pro-vas-nebudou-problemem\/","headline":"Slo\u017eit\u00e9 operace pro v\u00e1s nebudou probl\u00e9mem","url":"https:\/\/www.eupatrid.cz\/slozite-operace-pro-vas-nebudou-problemem\/","datePublished":"2023-08-06","dateModified":"2023-08-06","mainEntityOfPage":"https:\/\/www.eupatrid.cz\/slozite-operace-pro-vas-nebudou-problemem\/","author":{"@type":"Person","@id":"https:\/\/www.eupatrid.cz\/author\/#Person","name":"","url":"https:\/\/www.eupatrid.cz\/author\/","identifier":1,"image":{"@type":"ImageObject","@id":"https:\/\/secure.gravatar.com\/avatar\/53c590fdd1ec24ee297a15a00a0829b5191e9163e4cc5dbbee20ed40fcc30ad9?s=96&d=mm&r=g","url":"https:\/\/secure.gravatar.com\/avatar\/53c590fdd1ec24ee297a15a00a0829b5191e9163e4cc5dbbee20ed40fcc30ad9?s=96&d=mm&r=g","height":96,"width":96}},"publisher":{"@type":"Organization","name":"eupatrid.cz","logo":{"@type":"ImageObject","@id":"\/logo.png","url":"\/logo.png","width":600,"height":60}},"image":null,"wordCount":275,"keywords":null},{"@type":"Article","@id":"https:\/\/www.eupatrid.cz\/hlas-srdce-je-mocny\/","headline":"Hlas srdce je mocn\u00fd","url":"https:\/\/www.eupatrid.cz\/hlas-srdce-je-mocny\/","datePublished":"2023-07-23","dateModified":"2024-04-23","mainEntityOfPage":"https:\/\/www.eupatrid.cz\/hlas-srdce-je-mocny\/","author":{"@type":"Person","@id":"https:\/\/www.eupatrid.cz\/author\/#Person","name":"","url":"https:\/\/www.eupatrid.cz\/author\/","identifier":1,"image":{"@type":"ImageObject","@id":"https:\/\/secure.gravatar.com\/avatar\/53c590fdd1ec24ee297a15a00a0829b5191e9163e4cc5dbbee20ed40fcc30ad9?s=96&d=mm&r=g","url":"https:\/\/secure.gravatar.com\/avatar\/53c590fdd1ec24ee297a15a00a0829b5191e9163e4cc5dbbee20ed40fcc30ad9?s=96&d=mm&r=g","height":96,"width":96}},"publisher":{"@type":"Organization","name":"eupatrid.cz","logo":{"@type":"ImageObject","@id":"\/logo.png","url":"\/logo.png","width":600,"height":60}},"image":{"@type":"ImageObject","@id":"https:\/\/www.eupatrid.cz\/wp-content\/uploads\/feet-1779064_1280_5.jpg","url":"https:\/\/www.eupatrid.cz\/wp-content\/uploads\/feet-1779064_1280_5.jpg","height":0,"width":0},"wordCount":958,"keywords":null},{"@type":"Article","@id":"https:\/\/www.eupatrid.cz\/jak-nejlepe-na-odstranovani-zakalu-v-bazenu\/","headline":"Jak nejl\u00e9pe na odstra\u0148ov\u00e1n\u00ed z\u00e1kalu v baz\u00e9nu","url":"https:\/\/www.eupatrid.cz\/jak-nejlepe-na-odstranovani-zakalu-v-bazenu\/","datePublished":"2023-07-15","dateModified":"2023-07-15","mainEntityOfPage":"https:\/\/www.eupatrid.cz\/jak-nejlepe-na-odstranovani-zakalu-v-bazenu\/","author":{"@type":"Person","@id":"https:\/\/www.eupatrid.cz\/author\/#Person","name":"","url":"https:\/\/www.eupatrid.cz\/author\/","identifier":1,"image":{"@type":"ImageObject","@id":"https:\/\/secure.gravatar.com\/avatar\/53c590fdd1ec24ee297a15a00a0829b5191e9163e4cc5dbbee20ed40fcc30ad9?s=96&d=mm&r=g","url":"https:\/\/secure.gravatar.com\/avatar\/53c590fdd1ec24ee297a15a00a0829b5191e9163e4cc5dbbee20ed40fcc30ad9?s=96&d=mm&r=g","height":96,"width":96}},"publisher":{"@type":"Organization","name":"eupatrid.cz","logo":{"@type":"ImageObject","@id":"\/logo.png","url":"\/logo.png","width":600,"height":60}},"image":{"@type":"ImageObject","@id":"https:\/\/www.eupatrid.cz\/wp-content\/uploads\/bazen6_10_10_10_10_10_10_10.jpg","url":"https:\/\/www.eupatrid.cz\/wp-content\/uploads\/bazen6_10_10_10_10_10_10_10.jpg","height":0,"width":0},"wordCount":599,"keywords":null}]},{"@context":"https:\/\/schema.org","@type":"WebSite","@id":"https:\/\/www.eupatrid.cz\/#website","name":"Eupatrid","url":"https:\/\/www.eupatrid.cz","potentialAction":{"@type":"SearchAction","target":"https:\/\/www.eupatrid.cz\/?s={search_term_string}","query-input":"required name=search_term_string"}}]