[{"@context":"https:\/\/schema.org\/","@type":"Blog","@id":"https:\/\/www.eupatrid.cz#Blog","headline":"Eupatrid","description":"\nJakmile se nau\u010d\u00ed lidstvo d\u011blat skute\u010dn\u00e9 z\u00e1zraky, budou n\u00e1v\u0161t\u011bvn\u00edci na\u0161eho webu ti prvn\u00ed, pro n\u011b\u017e zde budou takov\u00e9 nes\u010detn\u00e9 z\u00e1zraky vykon\u00e1v\u00e1ny.","url":"https:\/\/www.eupatrid.cz","hasPart":[{"@type":"Article","@id":"https:\/\/www.eupatrid.cz\/nezmeskejte-letadlo-pred-nocnim-odletem-na-gran-canaria\/","headline":"Nezme\u0161kejte letadlo p\u0159ed no\u010dn\u00edm odletem na Gran Canaria","url":"https:\/\/www.eupatrid.cz\/nezmeskejte-letadlo-pred-nocnim-odletem-na-gran-canaria\/","datePublished":"2025-02-11","dateModified":"2025-02-11","mainEntityOfPage":"https:\/\/www.eupatrid.cz\/nezmeskejte-letadlo-pred-nocnim-odletem-na-gran-canaria\/","author":{"@type":"Person","@id":"https:\/\/www.eupatrid.cz\/author\/#Person","name":"","url":"https:\/\/www.eupatrid.cz\/author\/","identifier":1,"image":{"@type":"ImageObject","@id":"https:\/\/secure.gravatar.com\/avatar\/53c590fdd1ec24ee297a15a00a0829b5191e9163e4cc5dbbee20ed40fcc30ad9?s=96&d=mm&r=g","url":"https:\/\/secure.gravatar.com\/avatar\/53c590fdd1ec24ee297a15a00a0829b5191e9163e4cc5dbbee20ed40fcc30ad9?s=96&d=mm&r=g","height":96,"width":96}},"publisher":{"@type":"Organization","name":"eupatrid.cz","logo":{"@type":"ImageObject","@id":"\/logo.png","url":"\/logo.png","width":600,"height":60}},"image":{"@type":"ImageObject","@id":"https:\/\/www.eupatrid.cz\/wp-content\/uploads\/maspalomas-5026585_640.jpg","url":"https:\/\/www.eupatrid.cz\/wp-content\/uploads\/maspalomas-5026585_640.jpg","height":0,"width":0},"wordCount":625,"keywords":null},{"@type":"Article","@id":"https:\/\/www.eupatrid.cz\/vyberte-si-skrin-ktera-bude-ladit-s-vasim-bytem\/","headline":"Vyberte si sk\u0159\u00ed\u0148, kter\u00e1 bude ladit s\u00a0va\u0161\u00edm bytem","url":"https:\/\/www.eupatrid.cz\/vyberte-si-skrin-ktera-bude-ladit-s-vasim-bytem\/","datePublished":"2025-02-11","dateModified":"2025-02-11","mainEntityOfPage":"https:\/\/www.eupatrid.cz\/vyberte-si-skrin-ktera-bude-ladit-s-vasim-bytem\/","author":{"@type":"Person","@id":"https:\/\/www.eupatrid.cz\/author\/#Person","name":"","url":"https:\/\/www.eupatrid.cz\/author\/","identifier":1,"image":{"@type":"ImageObject","@id":"https:\/\/secure.gravatar.com\/avatar\/53c590fdd1ec24ee297a15a00a0829b5191e9163e4cc5dbbee20ed40fcc30ad9?s=96&d=mm&r=g","url":"https:\/\/secure.gravatar.com\/avatar\/53c590fdd1ec24ee297a15a00a0829b5191e9163e4cc5dbbee20ed40fcc30ad9?s=96&d=mm&r=g","height":96,"width":96}},"publisher":{"@type":"Organization","name":"eupatrid.cz","logo":{"@type":"ImageObject","@id":"\/logo.png","url":"\/logo.png","width":600,"height":60}},"image":null,"wordCount":220,"keywords":null},{"@type":"Article","@id":"https:\/\/www.eupatrid.cz\/calounene-taburety-ve-vasi-domacnosti-urcite-vyuzijete\/","headline":"\u010caloun\u011bn\u00e9 taburety ve Va\u0161\u00ed dom\u00e1cnosti ur\u010dit\u011b vyu\u017eijete","url":"https:\/\/www.eupatrid.cz\/calounene-taburety-ve-vasi-domacnosti-urcite-vyuzijete\/","datePublished":"2025-02-01","dateModified":"2025-02-01","mainEntityOfPage":"https:\/\/www.eupatrid.cz\/calounene-taburety-ve-vasi-domacnosti-urcite-vyuzijete\/","author":{"@type":"Person","@id":"https:\/\/www.eupatrid.cz\/author\/#Person","name":"","url":"https:\/\/www.eupatrid.cz\/author\/","identifier":1,"image":{"@type":"ImageObject","@id":"https:\/\/secure.gravatar.com\/avatar\/53c590fdd1ec24ee297a15a00a0829b5191e9163e4cc5dbbee20ed40fcc30ad9?s=96&d=mm&r=g","url":"https:\/\/secure.gravatar.com\/avatar\/53c590fdd1ec24ee297a15a00a0829b5191e9163e4cc5dbbee20ed40fcc30ad9?s=96&d=mm&r=g","height":96,"width":96}},"publisher":{"@type":"Organization","name":"eupatrid.cz","logo":{"@type":"ImageObject","@id":"\/logo.png","url":"\/logo.png","width":600,"height":60}},"image":null,"wordCount":236,"keywords":null},{"@type":"Article","@id":"https:\/\/www.eupatrid.cz\/svatebni-dekorace\/","headline":"Svatebn\u00ed dekorace","url":"https:\/\/www.eupatrid.cz\/svatebni-dekorace\/","datePublished":"2025-01-27","dateModified":"2025-01-27","mainEntityOfPage":"https:\/\/www.eupatrid.cz\/svatebni-dekorace\/","author":{"@type":"Person","@id":"https:\/\/www.eupatrid.cz\/author\/#Person","name":"","url":"https:\/\/www.eupatrid.cz\/author\/","identifier":1,"image":{"@type":"ImageObject","@id":"https:\/\/secure.gravatar.com\/avatar\/53c590fdd1ec24ee297a15a00a0829b5191e9163e4cc5dbbee20ed40fcc30ad9?s=96&d=mm&r=g","url":"https:\/\/secure.gravatar.com\/avatar\/53c590fdd1ec24ee297a15a00a0829b5191e9163e4cc5dbbee20ed40fcc30ad9?s=96&d=mm&r=g","height":96,"width":96}},"publisher":{"@type":"Organization","name":"eupatrid.cz","logo":{"@type":"ImageObject","@id":"\/logo.png","url":"\/logo.png","width":600,"height":60}},"image":null,"wordCount":223,"keywords":null},{"@type":"Article","@id":"https:\/\/www.eupatrid.cz\/chovatelske-potreby\/","headline":"Chovatelsk\u00e9 pot\u0159eby","url":"https:\/\/www.eupatrid.cz\/chovatelske-potreby\/","datePublished":"2025-01-19","dateModified":"2025-01-19","mainEntityOfPage":"https:\/\/www.eupatrid.cz\/chovatelske-potreby\/","author":{"@type":"Person","@id":"https:\/\/www.eupatrid.cz\/author\/#Person","name":"","url":"https:\/\/www.eupatrid.cz\/author\/","identifier":1,"image":{"@type":"ImageObject","@id":"https:\/\/secure.gravatar.com\/avatar\/53c590fdd1ec24ee297a15a00a0829b5191e9163e4cc5dbbee20ed40fcc30ad9?s=96&d=mm&r=g","url":"https:\/\/secure.gravatar.com\/avatar\/53c590fdd1ec24ee297a15a00a0829b5191e9163e4cc5dbbee20ed40fcc30ad9?s=96&d=mm&r=g","height":96,"width":96}},"publisher":{"@type":"Organization","name":"eupatrid.cz","logo":{"@type":"ImageObject","@id":"\/logo.png","url":"\/logo.png","width":600,"height":60}},"image":null,"wordCount":211,"keywords":null},{"@type":"Article","@id":"https:\/\/www.eupatrid.cz\/s-penezi-je-to-tezke\/","headline":"S pen\u011bzi je to t\u011b\u017ek\u00e9","url":"https:\/\/www.eupatrid.cz\/s-penezi-je-to-tezke\/","datePublished":"2025-01-18","dateModified":"2025-01-18","mainEntityOfPage":"https:\/\/www.eupatrid.cz\/s-penezi-je-to-tezke\/","author":{"@type":"Person","@id":"https:\/\/www.eupatrid.cz\/author\/#Person","name":"","url":"https:\/\/www.eupatrid.cz\/author\/","identifier":1,"image":{"@type":"ImageObject","@id":"https:\/\/secure.gravatar.com\/avatar\/53c590fdd1ec24ee297a15a00a0829b5191e9163e4cc5dbbee20ed40fcc30ad9?s=96&d=mm&r=g","url":"https:\/\/secure.gravatar.com\/avatar\/53c590fdd1ec24ee297a15a00a0829b5191e9163e4cc5dbbee20ed40fcc30ad9?s=96&d=mm&r=g","height":96,"width":96}},"publisher":{"@type":"Organization","name":"eupatrid.cz","logo":{"@type":"ImageObject","@id":"\/logo.png","url":"\/logo.png","width":600,"height":60}},"image":{"@type":"ImageObject","@id":"https:\/\/www.eupatrid.cz\/wp-content\/uploads\/pppppppppppp_10_10_7.jpg","url":"https:\/\/www.eupatrid.cz\/wp-content\/uploads\/pppppppppppp_10_10_7.jpg","height":0,"width":0},"wordCount":621,"keywords":null},{"@type":"Article","@id":"https:\/\/www.eupatrid.cz\/profesionalni-pristup\/","headline":"Profesion\u00e1ln\u00ed p\u0159\u00edstup","url":"https:\/\/www.eupatrid.cz\/profesionalni-pristup\/","datePublished":"2025-01-15","dateModified":"2025-01-15","mainEntityOfPage":"https:\/\/www.eupatrid.cz\/profesionalni-pristup\/","author":{"@type":"Person","@id":"https:\/\/www.eupatrid.cz\/author\/#Person","name":"","url":"https:\/\/www.eupatrid.cz\/author\/","identifier":1,"image":{"@type":"ImageObject","@id":"https:\/\/secure.gravatar.com\/avatar\/53c590fdd1ec24ee297a15a00a0829b5191e9163e4cc5dbbee20ed40fcc30ad9?s=96&d=mm&r=g","url":"https:\/\/secure.gravatar.com\/avatar\/53c590fdd1ec24ee297a15a00a0829b5191e9163e4cc5dbbee20ed40fcc30ad9?s=96&d=mm&r=g","height":96,"width":96}},"publisher":{"@type":"Organization","name":"eupatrid.cz","logo":{"@type":"ImageObject","@id":"\/logo.png","url":"\/logo.png","width":600,"height":60}},"image":null,"wordCount":212,"keywords":null},{"@type":"Article","@id":"https:\/\/www.eupatrid.cz\/male-skrine-se-take-mohou-hodit\/","headline":"Mal\u00e9 sk\u0159\u00edn\u011b se tak\u00e9 mohou hodit","url":"https:\/\/www.eupatrid.cz\/male-skrine-se-take-mohou-hodit\/","datePublished":"2025-01-05","dateModified":"2025-01-05","mainEntityOfPage":"https:\/\/www.eupatrid.cz\/male-skrine-se-take-mohou-hodit\/","author":{"@type":"Person","@id":"https:\/\/www.eupatrid.cz\/author\/#Person","name":"","url":"https:\/\/www.eupatrid.cz\/author\/","identifier":1,"image":{"@type":"ImageObject","@id":"https:\/\/secure.gravatar.com\/avatar\/53c590fdd1ec24ee297a15a00a0829b5191e9163e4cc5dbbee20ed40fcc30ad9?s=96&d=mm&r=g","url":"https:\/\/secure.gravatar.com\/avatar\/53c590fdd1ec24ee297a15a00a0829b5191e9163e4cc5dbbee20ed40fcc30ad9?s=96&d=mm&r=g","height":96,"width":96}},"publisher":{"@type":"Organization","name":"eupatrid.cz","logo":{"@type":"ImageObject","@id":"\/logo.png","url":"\/logo.png","width":600,"height":60}},"image":null,"wordCount":228,"keywords":null},{"@type":"Article","@id":"https:\/\/www.eupatrid.cz\/linkbuilding\/","headline":"Linkbuilding","url":"https:\/\/www.eupatrid.cz\/linkbuilding\/","datePublished":"2025-01-01","dateModified":"2025-01-01","mainEntityOfPage":"https:\/\/www.eupatrid.cz\/linkbuilding\/","author":{"@type":"Person","@id":"https:\/\/www.eupatrid.cz\/author\/#Person","name":"","url":"https:\/\/www.eupatrid.cz\/author\/","identifier":1,"image":{"@type":"ImageObject","@id":"https:\/\/secure.gravatar.com\/avatar\/53c590fdd1ec24ee297a15a00a0829b5191e9163e4cc5dbbee20ed40fcc30ad9?s=96&d=mm&r=g","url":"https:\/\/secure.gravatar.com\/avatar\/53c590fdd1ec24ee297a15a00a0829b5191e9163e4cc5dbbee20ed40fcc30ad9?s=96&d=mm&r=g","height":96,"width":96}},"publisher":{"@type":"Organization","name":"eupatrid.cz","logo":{"@type":"ImageObject","@id":"\/logo.png","url":"\/logo.png","width":600,"height":60}},"image":null,"wordCount":212,"keywords":null},{"@type":"Article","@id":"https:\/\/www.eupatrid.cz\/led-zarovka\/","headline":"LED \u017e\u00e1rovka","url":"https:\/\/www.eupatrid.cz\/led-zarovka\/","datePublished":"2024-12-23","dateModified":"2024-12-23","mainEntityOfPage":"https:\/\/www.eupatrid.cz\/led-zarovka\/","author":{"@type":"Person","@id":"https:\/\/www.eupatrid.cz\/author\/#Person","name":"","url":"https:\/\/www.eupatrid.cz\/author\/","identifier":1,"image":{"@type":"ImageObject","@id":"https:\/\/secure.gravatar.com\/avatar\/53c590fdd1ec24ee297a15a00a0829b5191e9163e4cc5dbbee20ed40fcc30ad9?s=96&d=mm&r=g","url":"https:\/\/secure.gravatar.com\/avatar\/53c590fdd1ec24ee297a15a00a0829b5191e9163e4cc5dbbee20ed40fcc30ad9?s=96&d=mm&r=g","height":96,"width":96}},"publisher":{"@type":"Organization","name":"eupatrid.cz","logo":{"@type":"ImageObject","@id":"\/logo.png","url":"\/logo.png","width":600,"height":60}},"image":null,"wordCount":228,"keywords":null}]},{"@context":"https:\/\/schema.org","@type":"WebSite","@id":"https:\/\/www.eupatrid.cz\/#website","name":"Eupatrid","url":"https:\/\/www.eupatrid.cz","potentialAction":{"@type":"SearchAction","target":"https:\/\/www.eupatrid.cz\/?s={search_term_string}","query-input":"required name=search_term_string"}}]