[{"@context":"https:\/\/schema.org\/","@type":"Blog","@id":"https:\/\/www.eupatrid.cz#Blog","headline":"Eupatrid","description":"\nJakmile se nau\u010d\u00ed lidstvo d\u011blat skute\u010dn\u00e9 z\u00e1zraky, budou n\u00e1v\u0161t\u011bvn\u00edci na\u0161eho webu ti prvn\u00ed, pro n\u011b\u017e zde budou takov\u00e9 nes\u010detn\u00e9 z\u00e1zraky vykon\u00e1v\u00e1ny.","url":"https:\/\/www.eupatrid.cz","hasPart":[{"@type":"Article","@id":"https:\/\/www.eupatrid.cz\/reklama-z-pohledu-laika-pro-male-podnikatele\/","headline":"Reklama z pohledu laika pro mal\u00e9 podnikatele","url":"https:\/\/www.eupatrid.cz\/reklama-z-pohledu-laika-pro-male-podnikatele\/","datePublished":"2025-02-28","dateModified":"2023-05-02","mainEntityOfPage":"https:\/\/www.eupatrid.cz\/reklama-z-pohledu-laika-pro-male-podnikatele\/","author":{"@type":"Person","@id":"https:\/\/www.eupatrid.cz\/author\/#Person","name":"","url":"https:\/\/www.eupatrid.cz\/author\/","identifier":1,"image":{"@type":"ImageObject","@id":"https:\/\/secure.gravatar.com\/avatar\/53c590fdd1ec24ee297a15a00a0829b5191e9163e4cc5dbbee20ed40fcc30ad9?s=96&d=mm&r=g","url":"https:\/\/secure.gravatar.com\/avatar\/53c590fdd1ec24ee297a15a00a0829b5191e9163e4cc5dbbee20ed40fcc30ad9?s=96&d=mm&r=g","height":96,"width":96}},"publisher":{"@type":"Organization","name":"eupatrid.cz","logo":{"@type":"ImageObject","@id":"\/logo.png","url":"\/logo.png","width":600,"height":60}},"image":{"@type":"ImageObject","@id":"https:\/\/www.eupatrid.cz\/wp-content\/uploads\/img_a295012_w1961_t1506677303.jpg","url":"https:\/\/www.eupatrid.cz\/wp-content\/uploads\/img_a295012_w1961_t1506677303.jpg","height":0,"width":0},"wordCount":578,"keywords":null},{"@type":"Article","@id":"https:\/\/www.eupatrid.cz\/jake-trendy-budou-vladnout-v-loznicich\/","headline":"Jak\u00e9 trendy budou vl\u00e1dnout v lo\u017enic\u00edch","url":"https:\/\/www.eupatrid.cz\/jake-trendy-budou-vladnout-v-loznicich\/","datePublished":"2025-02-28","dateModified":"2023-05-02","mainEntityOfPage":"https:\/\/www.eupatrid.cz\/jake-trendy-budou-vladnout-v-loznicich\/","author":{"@type":"Person","@id":"https:\/\/www.eupatrid.cz\/author\/#Person","name":"","url":"https:\/\/www.eupatrid.cz\/author\/","identifier":1,"image":{"@type":"ImageObject","@id":"https:\/\/secure.gravatar.com\/avatar\/53c590fdd1ec24ee297a15a00a0829b5191e9163e4cc5dbbee20ed40fcc30ad9?s=96&d=mm&r=g","url":"https:\/\/secure.gravatar.com\/avatar\/53c590fdd1ec24ee297a15a00a0829b5191e9163e4cc5dbbee20ed40fcc30ad9?s=96&d=mm&r=g","height":96,"width":96}},"publisher":{"@type":"Organization","name":"eupatrid.cz","logo":{"@type":"ImageObject","@id":"\/logo.png","url":"\/logo.png","width":600,"height":60}},"image":{"@type":"ImageObject","@id":"https:\/\/www.eupatrid.cz\/wp-content\/uploads\/img_a296146_w2076_t1507373126.jpg","url":"https:\/\/www.eupatrid.cz\/wp-content\/uploads\/img_a296146_w2076_t1507373126.jpg","height":0,"width":0},"wordCount":547,"keywords":null},{"@type":"Article","@id":"https:\/\/www.eupatrid.cz\/elegan-s-dlouhym-nazvem-to-je-mini-cooper\/","headline":"Eleg\u00e1n s dlouh\u00fdm n\u00e1zvem. To je Mini Cooper.","url":"https:\/\/www.eupatrid.cz\/elegan-s-dlouhym-nazvem-to-je-mini-cooper\/","datePublished":"2025-02-28","dateModified":"2023-05-02","mainEntityOfPage":"https:\/\/www.eupatrid.cz\/elegan-s-dlouhym-nazvem-to-je-mini-cooper\/","author":{"@type":"Person","@id":"https:\/\/www.eupatrid.cz\/author\/#Person","name":"","url":"https:\/\/www.eupatrid.cz\/author\/","identifier":1,"image":{"@type":"ImageObject","@id":"https:\/\/secure.gravatar.com\/avatar\/53c590fdd1ec24ee297a15a00a0829b5191e9163e4cc5dbbee20ed40fcc30ad9?s=96&d=mm&r=g","url":"https:\/\/secure.gravatar.com\/avatar\/53c590fdd1ec24ee297a15a00a0829b5191e9163e4cc5dbbee20ed40fcc30ad9?s=96&d=mm&r=g","height":96,"width":96}},"publisher":{"@type":"Organization","name":"eupatrid.cz","logo":{"@type":"ImageObject","@id":"\/logo.png","url":"\/logo.png","width":600,"height":60}},"image":{"@type":"ImageObject","@id":"https:\/\/www.eupatrid.cz\/wp-content\/uploads\/img_a344152_w2114_t1557587479.jpg","url":"https:\/\/www.eupatrid.cz\/wp-content\/uploads\/img_a344152_w2114_t1557587479.jpg","height":0,"width":0},"wordCount":454,"keywords":null},{"@type":"Article","@id":"https:\/\/www.eupatrid.cz\/vrcholovy-trenink-je-jiny\/","headline":"Vrcholov\u00fd tr\u00e9nink je jin\u00fd!","url":"https:\/\/www.eupatrid.cz\/vrcholovy-trenink-je-jiny\/","datePublished":"2025-02-28","dateModified":"2023-05-02","mainEntityOfPage":"https:\/\/www.eupatrid.cz\/vrcholovy-trenink-je-jiny\/","author":{"@type":"Person","@id":"https:\/\/www.eupatrid.cz\/author\/#Person","name":"","url":"https:\/\/www.eupatrid.cz\/author\/","identifier":1,"image":{"@type":"ImageObject","@id":"https:\/\/secure.gravatar.com\/avatar\/53c590fdd1ec24ee297a15a00a0829b5191e9163e4cc5dbbee20ed40fcc30ad9?s=96&d=mm&r=g","url":"https:\/\/secure.gravatar.com\/avatar\/53c590fdd1ec24ee297a15a00a0829b5191e9163e4cc5dbbee20ed40fcc30ad9?s=96&d=mm&r=g","height":96,"width":96}},"publisher":{"@type":"Organization","name":"eupatrid.cz","logo":{"@type":"ImageObject","@id":"\/logo.png","url":"\/logo.png","width":600,"height":60}},"image":{"@type":"ImageObject","@id":"https:\/\/www.eupatrid.cz\/wp-content\/uploads\/img_a304631_w2336_t1515694331.jpg","url":"https:\/\/www.eupatrid.cz\/wp-content\/uploads\/img_a304631_w2336_t1515694331.jpg","height":0,"width":0},"wordCount":2385,"keywords":null},{"@type":"Article","@id":"https:\/\/www.eupatrid.cz\/je-vam-s-ni-dobre-ale-nechcete-s-ni-vztah\/","headline":"Je v\u00e1m s n\u00ed dob\u0159e, ale nechcete s n\u00ed vztah?","url":"https:\/\/www.eupatrid.cz\/je-vam-s-ni-dobre-ale-nechcete-s-ni-vztah\/","datePublished":"2025-02-27","dateModified":"2023-05-02","mainEntityOfPage":"https:\/\/www.eupatrid.cz\/je-vam-s-ni-dobre-ale-nechcete-s-ni-vztah\/","author":{"@type":"Person","@id":"https:\/\/www.eupatrid.cz\/author\/#Person","name":"","url":"https:\/\/www.eupatrid.cz\/author\/","identifier":1,"image":{"@type":"ImageObject","@id":"https:\/\/secure.gravatar.com\/avatar\/53c590fdd1ec24ee297a15a00a0829b5191e9163e4cc5dbbee20ed40fcc30ad9?s=96&d=mm&r=g","url":"https:\/\/secure.gravatar.com\/avatar\/53c590fdd1ec24ee297a15a00a0829b5191e9163e4cc5dbbee20ed40fcc30ad9?s=96&d=mm&r=g","height":96,"width":96}},"publisher":{"@type":"Organization","name":"eupatrid.cz","logo":{"@type":"ImageObject","@id":"\/logo.png","url":"\/logo.png","width":600,"height":60}},"image":{"@type":"ImageObject","@id":"https:\/\/www.eupatrid.cz\/wp-content\/uploads\/img_a334208_w1904_t1547895628.jpg","url":"https:\/\/www.eupatrid.cz\/wp-content\/uploads\/img_a334208_w1904_t1547895628.jpg","height":0,"width":0},"wordCount":529,"keywords":null},{"@type":"Article","@id":"https:\/\/www.eupatrid.cz\/myslete-vcas-na-jejich-budoucnost\/","headline":"Myslete v\u010das na jejich budoucnost","url":"https:\/\/www.eupatrid.cz\/myslete-vcas-na-jejich-budoucnost\/","datePublished":"2025-02-26","dateModified":"2023-05-02","mainEntityOfPage":"https:\/\/www.eupatrid.cz\/myslete-vcas-na-jejich-budoucnost\/","author":{"@type":"Person","@id":"https:\/\/www.eupatrid.cz\/author\/#Person","name":"","url":"https:\/\/www.eupatrid.cz\/author\/","identifier":1,"image":{"@type":"ImageObject","@id":"https:\/\/secure.gravatar.com\/avatar\/53c590fdd1ec24ee297a15a00a0829b5191e9163e4cc5dbbee20ed40fcc30ad9?s=96&d=mm&r=g","url":"https:\/\/secure.gravatar.com\/avatar\/53c590fdd1ec24ee297a15a00a0829b5191e9163e4cc5dbbee20ed40fcc30ad9?s=96&d=mm&r=g","height":96,"width":96}},"publisher":{"@type":"Organization","name":"eupatrid.cz","logo":{"@type":"ImageObject","@id":"\/logo.png","url":"\/logo.png","width":600,"height":60}},"image":{"@type":"ImageObject","@id":"https:\/\/www.eupatrid.cz\/wp-content\/uploads\/img_a291755_w2112_t1504164763.jpg","url":"https:\/\/www.eupatrid.cz\/wp-content\/uploads\/img_a291755_w2112_t1504164763.jpg","height":0,"width":0},"wordCount":570,"keywords":null},{"@type":"Article","@id":"https:\/\/www.eupatrid.cz\/snacha-a-tchyne-generacni-boj-na-zivot-a-na-smrt\/","headline":"Snacha a tch\u00fdn\u011b. Genera\u010dn\u00ed boj na \u017eivot a na smrt","url":"https:\/\/www.eupatrid.cz\/snacha-a-tchyne-generacni-boj-na-zivot-a-na-smrt\/","datePublished":"2025-02-26","dateModified":"2023-05-02","mainEntityOfPage":"https:\/\/www.eupatrid.cz\/snacha-a-tchyne-generacni-boj-na-zivot-a-na-smrt\/","author":{"@type":"Person","@id":"https:\/\/www.eupatrid.cz\/author\/#Person","name":"","url":"https:\/\/www.eupatrid.cz\/author\/","identifier":1,"image":{"@type":"ImageObject","@id":"https:\/\/secure.gravatar.com\/avatar\/53c590fdd1ec24ee297a15a00a0829b5191e9163e4cc5dbbee20ed40fcc30ad9?s=96&d=mm&r=g","url":"https:\/\/secure.gravatar.com\/avatar\/53c590fdd1ec24ee297a15a00a0829b5191e9163e4cc5dbbee20ed40fcc30ad9?s=96&d=mm&r=g","height":96,"width":96}},"publisher":{"@type":"Organization","name":"eupatrid.cz","logo":{"@type":"ImageObject","@id":"\/logo.png","url":"\/logo.png","width":600,"height":60}},"image":{"@type":"ImageObject","@id":"https:\/\/www.eupatrid.cz\/wp-content\/uploads\/img_a287197_w2105_t1497735550.jpg","url":"https:\/\/www.eupatrid.cz\/wp-content\/uploads\/img_a287197_w2105_t1497735550.jpg","height":0,"width":0},"wordCount":540,"keywords":null},{"@type":"Article","@id":"https:\/\/www.eupatrid.cz\/mit-to-hezke-a-utulne\/","headline":"M\u00edt to hezk\u00e9 a \u00fatuln\u00e9","url":"https:\/\/www.eupatrid.cz\/mit-to-hezke-a-utulne\/","datePublished":"2025-02-25","dateModified":"2023-05-02","mainEntityOfPage":"https:\/\/www.eupatrid.cz\/mit-to-hezke-a-utulne\/","author":{"@type":"Person","@id":"https:\/\/www.eupatrid.cz\/author\/#Person","name":"","url":"https:\/\/www.eupatrid.cz\/author\/","identifier":1,"image":{"@type":"ImageObject","@id":"https:\/\/secure.gravatar.com\/avatar\/53c590fdd1ec24ee297a15a00a0829b5191e9163e4cc5dbbee20ed40fcc30ad9?s=96&d=mm&r=g","url":"https:\/\/secure.gravatar.com\/avatar\/53c590fdd1ec24ee297a15a00a0829b5191e9163e4cc5dbbee20ed40fcc30ad9?s=96&d=mm&r=g","height":96,"width":96}},"publisher":{"@type":"Organization","name":"eupatrid.cz","logo":{"@type":"ImageObject","@id":"\/logo.png","url":"\/logo.png","width":600,"height":60}},"image":{"@type":"ImageObject","@id":"https:\/\/www.eupatrid.cz\/wp-content\/uploads\/img_a303957_w1923_t1514733363.jpg","url":"https:\/\/www.eupatrid.cz\/wp-content\/uploads\/img_a303957_w1923_t1514733363.jpg","height":0,"width":0},"wordCount":520,"keywords":null},{"@type":"Article","@id":"https:\/\/www.eupatrid.cz\/lozni-pradlo\/","headline":"Lo\u017en\u00ed pr\u00e1dlo","url":"https:\/\/www.eupatrid.cz\/lozni-pradlo\/","datePublished":"2025-02-20","dateModified":"2025-02-20","mainEntityOfPage":"https:\/\/www.eupatrid.cz\/lozni-pradlo\/","author":{"@type":"Person","@id":"https:\/\/www.eupatrid.cz\/author\/#Person","name":"","url":"https:\/\/www.eupatrid.cz\/author\/","identifier":1,"image":{"@type":"ImageObject","@id":"https:\/\/secure.gravatar.com\/avatar\/53c590fdd1ec24ee297a15a00a0829b5191e9163e4cc5dbbee20ed40fcc30ad9?s=96&d=mm&r=g","url":"https:\/\/secure.gravatar.com\/avatar\/53c590fdd1ec24ee297a15a00a0829b5191e9163e4cc5dbbee20ed40fcc30ad9?s=96&d=mm&r=g","height":96,"width":96}},"publisher":{"@type":"Organization","name":"eupatrid.cz","logo":{"@type":"ImageObject","@id":"\/logo.png","url":"\/logo.png","width":600,"height":60}},"image":null,"wordCount":225,"keywords":null},{"@type":"Article","@id":"https:\/\/www.eupatrid.cz\/velky-vyber-her\/","headline":"Velk\u00fd v\u00fdb\u011br her","url":"https:\/\/www.eupatrid.cz\/velky-vyber-her\/","datePublished":"2025-02-16","dateModified":"2025-02-16","mainEntityOfPage":"https:\/\/www.eupatrid.cz\/velky-vyber-her\/","author":{"@type":"Person","@id":"https:\/\/www.eupatrid.cz\/author\/#Person","name":"","url":"https:\/\/www.eupatrid.cz\/author\/","identifier":1,"image":{"@type":"ImageObject","@id":"https:\/\/secure.gravatar.com\/avatar\/53c590fdd1ec24ee297a15a00a0829b5191e9163e4cc5dbbee20ed40fcc30ad9?s=96&d=mm&r=g","url":"https:\/\/secure.gravatar.com\/avatar\/53c590fdd1ec24ee297a15a00a0829b5191e9163e4cc5dbbee20ed40fcc30ad9?s=96&d=mm&r=g","height":96,"width":96}},"publisher":{"@type":"Organization","name":"eupatrid.cz","logo":{"@type":"ImageObject","@id":"\/logo.png","url":"\/logo.png","width":600,"height":60}},"image":null,"wordCount":255,"keywords":null}]},{"@context":"https:\/\/schema.org","@type":"WebSite","@id":"https:\/\/www.eupatrid.cz\/#website","name":"Eupatrid","url":"https:\/\/www.eupatrid.cz","potentialAction":{"@type":"SearchAction","target":"https:\/\/www.eupatrid.cz\/?s={search_term_string}","query-input":"required name=search_term_string"}}]