[{"@context":"https:\/\/schema.org\/","@type":"Blog","@id":"https:\/\/www.eupatrid.cz#Blog","headline":"Eupatrid","description":"\nJakmile se nau\u010d\u00ed lidstvo d\u011blat skute\u010dn\u00e9 z\u00e1zraky, budou n\u00e1v\u0161t\u011bvn\u00edci na\u0161eho webu ti prvn\u00ed, pro n\u011b\u017e zde budou takov\u00e9 nes\u010detn\u00e9 z\u00e1zraky vykon\u00e1v\u00e1ny.","url":"https:\/\/www.eupatrid.cz","hasPart":[{"@type":"Article","@id":"https:\/\/www.eupatrid.cz\/vymente-spatneho-dentistu-za-lepsiho\/","headline":"Vym\u011b\u0148te \u0161patn\u00e9ho dentistu za lep\u0161\u00edho","url":"https:\/\/www.eupatrid.cz\/vymente-spatneho-dentistu-za-lepsiho\/","datePublished":"2020-01-16","dateModified":"2023-05-02","mainEntityOfPage":"https:\/\/www.eupatrid.cz\/vymente-spatneho-dentistu-za-lepsiho\/","author":{"@type":"Person","@id":"https:\/\/www.eupatrid.cz\/author\/#Person","name":"","url":"https:\/\/www.eupatrid.cz\/author\/","identifier":1,"image":{"@type":"ImageObject","@id":"https:\/\/secure.gravatar.com\/avatar\/53c590fdd1ec24ee297a15a00a0829b5191e9163e4cc5dbbee20ed40fcc30ad9?s=96&d=mm&r=g","url":"https:\/\/secure.gravatar.com\/avatar\/53c590fdd1ec24ee297a15a00a0829b5191e9163e4cc5dbbee20ed40fcc30ad9?s=96&d=mm&r=g","height":96,"width":96}},"publisher":{"@type":"Organization","name":"eupatrid.cz","logo":{"@type":"ImageObject","@id":"\/logo.png","url":"\/logo.png","width":600,"height":60}},"image":{"@type":"ImageObject","@id":"https:\/\/www.eupatrid.cz\/wp-content\/uploads\/img_a371559_w1771_t1582891824.jpg","url":"https:\/\/www.eupatrid.cz\/wp-content\/uploads\/img_a371559_w1771_t1582891824.jpg","height":0,"width":0},"wordCount":615,"keywords":null},{"@type":"Article","@id":"https:\/\/www.eupatrid.cz\/a-kam-se-pro-penize-obratite-vy\/","headline":"A kam se pro pen\u00edze obr\u00e1t\u00edte vy?","url":"https:\/\/www.eupatrid.cz\/a-kam-se-pro-penize-obratite-vy\/","datePublished":"2020-01-11","dateModified":"2023-05-02","mainEntityOfPage":"https:\/\/www.eupatrid.cz\/a-kam-se-pro-penize-obratite-vy\/","author":{"@type":"Person","@id":"https:\/\/www.eupatrid.cz\/author\/#Person","name":"","url":"https:\/\/www.eupatrid.cz\/author\/","identifier":1,"image":{"@type":"ImageObject","@id":"https:\/\/secure.gravatar.com\/avatar\/53c590fdd1ec24ee297a15a00a0829b5191e9163e4cc5dbbee20ed40fcc30ad9?s=96&d=mm&r=g","url":"https:\/\/secure.gravatar.com\/avatar\/53c590fdd1ec24ee297a15a00a0829b5191e9163e4cc5dbbee20ed40fcc30ad9?s=96&d=mm&r=g","height":96,"width":96}},"publisher":{"@type":"Organization","name":"eupatrid.cz","logo":{"@type":"ImageObject","@id":"\/logo.png","url":"\/logo.png","width":600,"height":60}},"image":{"@type":"ImageObject","@id":"https:\/\/www.eupatrid.cz\/wp-content\/uploads\/img_a378976_w4281_t1590397097.jpg","url":"https:\/\/www.eupatrid.cz\/wp-content\/uploads\/img_a378976_w4281_t1590397097.jpg","height":0,"width":0},"wordCount":561,"keywords":null},{"@type":"Article","@id":"https:\/\/www.eupatrid.cz\/zahadna-folikularni-keratoza-a-jak-se-ji-zbavit\/","headline":"Z\u00e1hadn\u00e1 folikul\u00e1rn\u00ed kerat\u00f3za a jak se j\u00ed zbavit","url":"https:\/\/www.eupatrid.cz\/zahadna-folikularni-keratoza-a-jak-se-ji-zbavit\/","datePublished":"2019-12-19","dateModified":"2023-05-02","mainEntityOfPage":"https:\/\/www.eupatrid.cz\/zahadna-folikularni-keratoza-a-jak-se-ji-zbavit\/","author":{"@type":"Person","@id":"https:\/\/www.eupatrid.cz\/author\/#Person","name":"","url":"https:\/\/www.eupatrid.cz\/author\/","identifier":1,"image":{"@type":"ImageObject","@id":"https:\/\/secure.gravatar.com\/avatar\/53c590fdd1ec24ee297a15a00a0829b5191e9163e4cc5dbbee20ed40fcc30ad9?s=96&d=mm&r=g","url":"https:\/\/secure.gravatar.com\/avatar\/53c590fdd1ec24ee297a15a00a0829b5191e9163e4cc5dbbee20ed40fcc30ad9?s=96&d=mm&r=g","height":96,"width":96}},"publisher":{"@type":"Organization","name":"eupatrid.cz","logo":{"@type":"ImageObject","@id":"\/logo.png","url":"\/logo.png","width":600,"height":60}},"image":{"@type":"ImageObject","@id":"https:\/\/www.eupatrid.cz\/wp-content\/uploads\/img_a362529_w3166_t1575711840.jpg","url":"https:\/\/www.eupatrid.cz\/wp-content\/uploads\/img_a362529_w3166_t1575711840.jpg","height":0,"width":0},"wordCount":494,"keywords":null},{"@type":"Article","@id":"https:\/\/www.eupatrid.cz\/komfortni-postele\/","headline":"Komfortn\u00ed postele","url":"https:\/\/www.eupatrid.cz\/komfortni-postele\/","datePublished":"2019-11-24","dateModified":"2023-05-02","mainEntityOfPage":"https:\/\/www.eupatrid.cz\/komfortni-postele\/","author":{"@type":"Person","@id":"https:\/\/www.eupatrid.cz\/author\/#Person","name":"","url":"https:\/\/www.eupatrid.cz\/author\/","identifier":1,"image":{"@type":"ImageObject","@id":"https:\/\/secure.gravatar.com\/avatar\/53c590fdd1ec24ee297a15a00a0829b5191e9163e4cc5dbbee20ed40fcc30ad9?s=96&d=mm&r=g","url":"https:\/\/secure.gravatar.com\/avatar\/53c590fdd1ec24ee297a15a00a0829b5191e9163e4cc5dbbee20ed40fcc30ad9?s=96&d=mm&r=g","height":96,"width":96}},"publisher":{"@type":"Organization","name":"eupatrid.cz","logo":{"@type":"ImageObject","@id":"\/logo.png","url":"\/logo.png","width":600,"height":60}},"image":{"@type":"ImageObject","@id":"https:\/\/www.eupatrid.cz\/wp-content\/uploads\/img_a370211_w2175_t1582014639.jpg","url":"https:\/\/www.eupatrid.cz\/wp-content\/uploads\/img_a370211_w2175_t1582014639.jpg","height":0,"width":0},"wordCount":534,"keywords":null},{"@type":"Article","@id":"https:\/\/www.eupatrid.cz\/co-vsechno-musi-zvladnout-reditel-firmy\/","headline":"Co v\u0161echno mus\u00ed zvl\u00e1dnout \u0159editel firmy","url":"https:\/\/www.eupatrid.cz\/co-vsechno-musi-zvladnout-reditel-firmy\/","datePublished":"2019-10-23","dateModified":"2023-05-02","mainEntityOfPage":"https:\/\/www.eupatrid.cz\/co-vsechno-musi-zvladnout-reditel-firmy\/","author":{"@type":"Person","@id":"https:\/\/www.eupatrid.cz\/author\/#Person","name":"","url":"https:\/\/www.eupatrid.cz\/author\/","identifier":1,"image":{"@type":"ImageObject","@id":"https:\/\/secure.gravatar.com\/avatar\/53c590fdd1ec24ee297a15a00a0829b5191e9163e4cc5dbbee20ed40fcc30ad9?s=96&d=mm&r=g","url":"https:\/\/secure.gravatar.com\/avatar\/53c590fdd1ec24ee297a15a00a0829b5191e9163e4cc5dbbee20ed40fcc30ad9?s=96&d=mm&r=g","height":96,"width":96}},"publisher":{"@type":"Organization","name":"eupatrid.cz","logo":{"@type":"ImageObject","@id":"\/logo.png","url":"\/logo.png","width":600,"height":60}},"image":{"@type":"ImageObject","@id":"https:\/\/www.eupatrid.cz\/wp-content\/uploads\/img_a357482_w3166_t1572093358.jpg","url":"https:\/\/www.eupatrid.cz\/wp-content\/uploads\/img_a357482_w3166_t1572093358.jpg","height":0,"width":0},"wordCount":480,"keywords":null},{"@type":"Article","@id":"https:\/\/www.eupatrid.cz\/kesu-natural-1-kg-jako-vyborny-pomocnik-proti-depresim\/","headline":"Ke\u0161u natural 1 kg jako v\u00fdborn\u00fd pomocn\u00edk proti depres\u00edm","url":"https:\/\/www.eupatrid.cz\/kesu-natural-1-kg-jako-vyborny-pomocnik-proti-depresim\/","datePublished":"2019-10-09","dateModified":"2023-05-02","mainEntityOfPage":"https:\/\/www.eupatrid.cz\/kesu-natural-1-kg-jako-vyborny-pomocnik-proti-depresim\/","author":{"@type":"Person","@id":"https:\/\/www.eupatrid.cz\/author\/#Person","name":"","url":"https:\/\/www.eupatrid.cz\/author\/","identifier":1,"image":{"@type":"ImageObject","@id":"https:\/\/secure.gravatar.com\/avatar\/53c590fdd1ec24ee297a15a00a0829b5191e9163e4cc5dbbee20ed40fcc30ad9?s=96&d=mm&r=g","url":"https:\/\/secure.gravatar.com\/avatar\/53c590fdd1ec24ee297a15a00a0829b5191e9163e4cc5dbbee20ed40fcc30ad9?s=96&d=mm&r=g","height":96,"width":96}},"publisher":{"@type":"Organization","name":"eupatrid.cz","logo":{"@type":"ImageObject","@id":"\/logo.png","url":"\/logo.png","width":600,"height":60}},"image":{"@type":"ImageObject","@id":"https:\/\/www.eupatrid.cz\/wp-content\/uploads\/img_a373181_w2542_t1584618512.jpg","url":"https:\/\/www.eupatrid.cz\/wp-content\/uploads\/img_a373181_w2542_t1584618512.jpg","height":0,"width":0},"wordCount":549,"keywords":null},{"@type":"Article","@id":"https:\/\/www.eupatrid.cz\/nejcastejsi-nemoci-u-deti-do-tri-let\/","headline":"Nej\u010dast\u011bj\u0161\u00ed nemoci u d\u011bt\u00ed do t\u0159\u00ed let","url":"https:\/\/www.eupatrid.cz\/nejcastejsi-nemoci-u-deti-do-tri-let\/","datePublished":"2019-10-04","dateModified":"2023-05-02","mainEntityOfPage":"https:\/\/www.eupatrid.cz\/nejcastejsi-nemoci-u-deti-do-tri-let\/","author":{"@type":"Person","@id":"https:\/\/www.eupatrid.cz\/author\/#Person","name":"","url":"https:\/\/www.eupatrid.cz\/author\/","identifier":1,"image":{"@type":"ImageObject","@id":"https:\/\/secure.gravatar.com\/avatar\/53c590fdd1ec24ee297a15a00a0829b5191e9163e4cc5dbbee20ed40fcc30ad9?s=96&d=mm&r=g","url":"https:\/\/secure.gravatar.com\/avatar\/53c590fdd1ec24ee297a15a00a0829b5191e9163e4cc5dbbee20ed40fcc30ad9?s=96&d=mm&r=g","height":96,"width":96}},"publisher":{"@type":"Organization","name":"eupatrid.cz","logo":{"@type":"ImageObject","@id":"\/logo.png","url":"\/logo.png","width":600,"height":60}},"image":{"@type":"ImageObject","@id":"https:\/\/www.eupatrid.cz\/wp-content\/uploads\/img_a356215_w3166_t1570899705.jpg","url":"https:\/\/www.eupatrid.cz\/wp-content\/uploads\/img_a356215_w3166_t1570899705.jpg","height":0,"width":0},"wordCount":4534,"keywords":null},{"@type":"Article","@id":"https:\/\/www.eupatrid.cz\/uprava-ph-na-pozadovanou-hodnotu\/","headline":"\u00daprava pH na po\u017eadovanou hodnotu","url":"https:\/\/www.eupatrid.cz\/uprava-ph-na-pozadovanou-hodnotu\/","datePublished":"2019-09-24","dateModified":"2023-05-02","mainEntityOfPage":"https:\/\/www.eupatrid.cz\/uprava-ph-na-pozadovanou-hodnotu\/","author":{"@type":"Person","@id":"https:\/\/www.eupatrid.cz\/author\/#Person","name":"","url":"https:\/\/www.eupatrid.cz\/author\/","identifier":1,"image":{"@type":"ImageObject","@id":"https:\/\/secure.gravatar.com\/avatar\/53c590fdd1ec24ee297a15a00a0829b5191e9163e4cc5dbbee20ed40fcc30ad9?s=96&d=mm&r=g","url":"https:\/\/secure.gravatar.com\/avatar\/53c590fdd1ec24ee297a15a00a0829b5191e9163e4cc5dbbee20ed40fcc30ad9?s=96&d=mm&r=g","height":96,"width":96}},"publisher":{"@type":"Organization","name":"eupatrid.cz","logo":{"@type":"ImageObject","@id":"\/logo.png","url":"\/logo.png","width":600,"height":60}},"image":{"@type":"ImageObject","@id":"https:\/\/www.eupatrid.cz\/wp-content\/uploads\/img_a346791_w2600_t1561101533.jpg","url":"https:\/\/www.eupatrid.cz\/wp-content\/uploads\/img_a346791_w2600_t1561101533.jpg","height":0,"width":0},"wordCount":560,"keywords":null},{"@type":"Article","@id":"https:\/\/www.eupatrid.cz\/americka-bezpecnostni-agentura-vini-z-tragicke-nehody-autopilota-od-tesly\/","headline":"Americk\u00e1 bezpe\u010dnostn\u00ed agentura vin\u00ed z tragick\u00e9 nehody autopilota od Tesly","url":"https:\/\/www.eupatrid.cz\/americka-bezpecnostni-agentura-vini-z-tragicke-nehody-autopilota-od-tesly\/","datePublished":"2019-09-11","dateModified":"2023-05-02","mainEntityOfPage":"https:\/\/www.eupatrid.cz\/americka-bezpecnostni-agentura-vini-z-tragicke-nehody-autopilota-od-tesly\/","author":{"@type":"Person","@id":"https:\/\/www.eupatrid.cz\/author\/#Person","name":"","url":"https:\/\/www.eupatrid.cz\/author\/","identifier":1,"image":{"@type":"ImageObject","@id":"https:\/\/secure.gravatar.com\/avatar\/53c590fdd1ec24ee297a15a00a0829b5191e9163e4cc5dbbee20ed40fcc30ad9?s=96&d=mm&r=g","url":"https:\/\/secure.gravatar.com\/avatar\/53c590fdd1ec24ee297a15a00a0829b5191e9163e4cc5dbbee20ed40fcc30ad9?s=96&d=mm&r=g","height":96,"width":96}},"publisher":{"@type":"Organization","name":"eupatrid.cz","logo":{"@type":"ImageObject","@id":"\/logo.png","url":"\/logo.png","width":600,"height":60}},"image":{"@type":"ImageObject","@id":"https:\/\/www.eupatrid.cz\/wp-content\/uploads\/img_a354710_w3310_t1569309735.jpg","url":"https:\/\/www.eupatrid.cz\/wp-content\/uploads\/img_a354710_w3310_t1569309735.jpg","height":0,"width":0},"wordCount":517,"keywords":null},{"@type":"Article","@id":"https:\/\/www.eupatrid.cz\/vytvorte-si-doma-prostredi-vhodne-ke-spanku\/","headline":"Vytvo\u0159te si doma prost\u0159ed\u00ed vhodn\u00e9 ke sp\u00e1nku","url":"https:\/\/www.eupatrid.cz\/vytvorte-si-doma-prostredi-vhodne-ke-spanku\/","datePublished":"2019-09-07","dateModified":"2023-05-02","mainEntityOfPage":"https:\/\/www.eupatrid.cz\/vytvorte-si-doma-prostredi-vhodne-ke-spanku\/","author":{"@type":"Person","@id":"https:\/\/www.eupatrid.cz\/author\/#Person","name":"","url":"https:\/\/www.eupatrid.cz\/author\/","identifier":1,"image":{"@type":"ImageObject","@id":"https:\/\/secure.gravatar.com\/avatar\/53c590fdd1ec24ee297a15a00a0829b5191e9163e4cc5dbbee20ed40fcc30ad9?s=96&d=mm&r=g","url":"https:\/\/secure.gravatar.com\/avatar\/53c590fdd1ec24ee297a15a00a0829b5191e9163e4cc5dbbee20ed40fcc30ad9?s=96&d=mm&r=g","height":96,"width":96}},"publisher":{"@type":"Organization","name":"eupatrid.cz","logo":{"@type":"ImageObject","@id":"\/logo.png","url":"\/logo.png","width":600,"height":60}},"image":{"@type":"ImageObject","@id":"https:\/\/www.eupatrid.cz\/wp-content\/uploads\/img_a355473_w3166_t1569740486.jpg","url":"https:\/\/www.eupatrid.cz\/wp-content\/uploads\/img_a355473_w3166_t1569740486.jpg","height":0,"width":0},"wordCount":528,"keywords":null}]},{"@context":"https:\/\/schema.org","@type":"WebSite","@id":"https:\/\/www.eupatrid.cz\/#website","name":"Eupatrid","url":"https:\/\/www.eupatrid.cz","potentialAction":{"@type":"SearchAction","target":"https:\/\/www.eupatrid.cz\/?s={search_term_string}","query-input":"required name=search_term_string"}}]