[{"@context":"https:\/\/schema.org\/","@type":"Blog","@id":"https:\/\/www.eupatrid.cz#Blog","headline":"Eupatrid","description":"\nJakmile se nau\u010d\u00ed lidstvo d\u011blat skute\u010dn\u00e9 z\u00e1zraky, budou n\u00e1v\u0161t\u011bvn\u00edci na\u0161eho webu ti prvn\u00ed, pro n\u011b\u017e zde budou takov\u00e9 nes\u010detn\u00e9 z\u00e1zraky vykon\u00e1v\u00e1ny.","url":"https:\/\/www.eupatrid.cz","hasPart":[{"@type":"Article","@id":"https:\/\/www.eupatrid.cz\/ubrat-na-vaze-muzete-hlavne-pomoci-jidelnicku\/","headline":"Ubrat na v\u00e1ze m\u016f\u017eete hlavn\u011b pomoc\u00ed j\u00eddeln\u00ed\u010dku","url":"https:\/\/www.eupatrid.cz\/ubrat-na-vaze-muzete-hlavne-pomoci-jidelnicku\/","datePublished":"2021-11-20","dateModified":"2023-05-02","mainEntityOfPage":"https:\/\/www.eupatrid.cz\/ubrat-na-vaze-muzete-hlavne-pomoci-jidelnicku\/","author":{"@type":"Person","@id":"https:\/\/www.eupatrid.cz\/author\/#Person","name":"","url":"https:\/\/www.eupatrid.cz\/author\/","identifier":1,"image":{"@type":"ImageObject","@id":"https:\/\/secure.gravatar.com\/avatar\/53c590fdd1ec24ee297a15a00a0829b5191e9163e4cc5dbbee20ed40fcc30ad9?s=96&d=mm&r=g","url":"https:\/\/secure.gravatar.com\/avatar\/53c590fdd1ec24ee297a15a00a0829b5191e9163e4cc5dbbee20ed40fcc30ad9?s=96&d=mm&r=g","height":96,"width":96}},"publisher":{"@type":"Organization","name":"eupatrid.cz","logo":{"@type":"ImageObject","@id":"\/logo.png","url":"\/logo.png","width":600,"height":60}},"image":{"@type":"ImageObject","@id":"https:\/\/www.eupatrid.cz\/wp-content\/uploads\/%C5%A0vestky_5.jpg","url":"https:\/\/www.eupatrid.cz\/wp-content\/uploads\/%C5%A0vestky_5.jpg","height":0,"width":0},"wordCount":542,"keywords":null},{"@type":"Article","@id":"https:\/\/www.eupatrid.cz\/jak-si-zvysit-navstevnost\/","headline":"Jak si zv\u00fd\u0161it n\u00e1v\u0161t\u011bvnost?","url":"https:\/\/www.eupatrid.cz\/jak-si-zvysit-navstevnost\/","datePublished":"2021-11-13","dateModified":"2023-05-02","mainEntityOfPage":"https:\/\/www.eupatrid.cz\/jak-si-zvysit-navstevnost\/","author":{"@type":"Person","@id":"https:\/\/www.eupatrid.cz\/author\/#Person","name":"","url":"https:\/\/www.eupatrid.cz\/author\/","identifier":1,"image":{"@type":"ImageObject","@id":"https:\/\/secure.gravatar.com\/avatar\/53c590fdd1ec24ee297a15a00a0829b5191e9163e4cc5dbbee20ed40fcc30ad9?s=96&d=mm&r=g","url":"https:\/\/secure.gravatar.com\/avatar\/53c590fdd1ec24ee297a15a00a0829b5191e9163e4cc5dbbee20ed40fcc30ad9?s=96&d=mm&r=g","height":96,"width":96}},"publisher":{"@type":"Organization","name":"eupatrid.cz","logo":{"@type":"ImageObject","@id":"\/logo.png","url":"\/logo.png","width":600,"height":60}},"image":{"@type":"ImageObject","@id":"https:\/\/www.eupatrid.cz\/wp-content\/uploads\/hledani_na_Googlu_5drKkP.jpg","url":"https:\/\/www.eupatrid.cz\/wp-content\/uploads\/hledani_na_Googlu_5drKkP.jpg","height":0,"width":0},"wordCount":535,"keywords":null},{"@type":"Article","@id":"https:\/\/www.eupatrid.cz\/obaly-na-mobil\/","headline":"Obaly na mobil","url":"https:\/\/www.eupatrid.cz\/obaly-na-mobil\/","datePublished":"2021-11-10","dateModified":"2023-05-02","mainEntityOfPage":"https:\/\/www.eupatrid.cz\/obaly-na-mobil\/","author":{"@type":"Person","@id":"https:\/\/www.eupatrid.cz\/author\/#Person","name":"","url":"https:\/\/www.eupatrid.cz\/author\/","identifier":1,"image":{"@type":"ImageObject","@id":"https:\/\/secure.gravatar.com\/avatar\/53c590fdd1ec24ee297a15a00a0829b5191e9163e4cc5dbbee20ed40fcc30ad9?s=96&d=mm&r=g","url":"https:\/\/secure.gravatar.com\/avatar\/53c590fdd1ec24ee297a15a00a0829b5191e9163e4cc5dbbee20ed40fcc30ad9?s=96&d=mm&r=g","height":96,"width":96}},"publisher":{"@type":"Organization","name":"eupatrid.cz","logo":{"@type":"ImageObject","@id":"\/logo.png","url":"\/logo.png","width":600,"height":60}},"image":{"@type":"ImageObject","@id":"https:\/\/www.eupatrid.cz\/wp-content\/uploads\/Kryt%20na%20mobil_1.jpg","url":"https:\/\/www.eupatrid.cz\/wp-content\/uploads\/Kryt%20na%20mobil_1.jpg","height":0,"width":0},"wordCount":537,"keywords":null},{"@type":"Article","@id":"https:\/\/www.eupatrid.cz\/jake-saty-nosi-dnesni-nevesty\/","headline":"Jak\u00e9 \u0161aty nos\u00ed dne\u0161n\u00ed nev\u011bsty?","url":"https:\/\/www.eupatrid.cz\/jake-saty-nosi-dnesni-nevesty\/","datePublished":"2021-09-26","dateModified":"2023-05-02","mainEntityOfPage":"https:\/\/www.eupatrid.cz\/jake-saty-nosi-dnesni-nevesty\/","author":{"@type":"Person","@id":"https:\/\/www.eupatrid.cz\/author\/#Person","name":"","url":"https:\/\/www.eupatrid.cz\/author\/","identifier":1,"image":{"@type":"ImageObject","@id":"https:\/\/secure.gravatar.com\/avatar\/53c590fdd1ec24ee297a15a00a0829b5191e9163e4cc5dbbee20ed40fcc30ad9?s=96&d=mm&r=g","url":"https:\/\/secure.gravatar.com\/avatar\/53c590fdd1ec24ee297a15a00a0829b5191e9163e4cc5dbbee20ed40fcc30ad9?s=96&d=mm&r=g","height":96,"width":96}},"publisher":{"@type":"Organization","name":"eupatrid.cz","logo":{"@type":"ImageObject","@id":"\/logo.png","url":"\/logo.png","width":600,"height":60}},"image":{"@type":"ImageObject","@id":"https:\/\/www.eupatrid.cz\/wp-content\/uploads\/nev%C4%9Bsta%20a.JPG","url":"https:\/\/www.eupatrid.cz\/wp-content\/uploads\/nev%C4%9Bsta%20a.JPG","height":0,"width":0},"wordCount":623,"keywords":null},{"@type":"Article","@id":"https:\/\/www.eupatrid.cz\/na-penezich-zavisi-vse\/","headline":"Na pen\u011bz\u00edch z\u00e1vis\u00ed v\u0161e","url":"https:\/\/www.eupatrid.cz\/na-penezich-zavisi-vse\/","datePublished":"2021-09-19","dateModified":"2023-05-02","mainEntityOfPage":"https:\/\/www.eupatrid.cz\/na-penezich-zavisi-vse\/","author":{"@type":"Person","@id":"https:\/\/www.eupatrid.cz\/author\/#Person","name":"","url":"https:\/\/www.eupatrid.cz\/author\/","identifier":1,"image":{"@type":"ImageObject","@id":"https:\/\/secure.gravatar.com\/avatar\/53c590fdd1ec24ee297a15a00a0829b5191e9163e4cc5dbbee20ed40fcc30ad9?s=96&d=mm&r=g","url":"https:\/\/secure.gravatar.com\/avatar\/53c590fdd1ec24ee297a15a00a0829b5191e9163e4cc5dbbee20ed40fcc30ad9?s=96&d=mm&r=g","height":96,"width":96}},"publisher":{"@type":"Organization","name":"eupatrid.cz","logo":{"@type":"ImageObject","@id":"\/logo.png","url":"\/logo.png","width":600,"height":60}},"image":{"@type":"ImageObject","@id":"https:\/\/www.eupatrid.cz\/wp-content\/uploads\/mince%20americk%C3%A9_1.jpg","url":"https:\/\/www.eupatrid.cz\/wp-content\/uploads\/mince%20americk%C3%A9_1.jpg","height":0,"width":0},"wordCount":650,"keywords":null},{"@type":"Article","@id":"https:\/\/www.eupatrid.cz\/stehovani-nebyva-hracka\/","headline":"St\u011bhov\u00e1n\u00ed neb\u00fdv\u00e1 hra\u010dka","url":"https:\/\/www.eupatrid.cz\/stehovani-nebyva-hracka\/","datePublished":"2021-09-08","dateModified":"2023-09-01","mainEntityOfPage":"https:\/\/www.eupatrid.cz\/stehovani-nebyva-hracka\/","author":{"@type":"Person","@id":"https:\/\/www.eupatrid.cz\/author\/#Person","name":"","url":"https:\/\/www.eupatrid.cz\/author\/","identifier":1,"image":{"@type":"ImageObject","@id":"https:\/\/secure.gravatar.com\/avatar\/53c590fdd1ec24ee297a15a00a0829b5191e9163e4cc5dbbee20ed40fcc30ad9?s=96&d=mm&r=g","url":"https:\/\/secure.gravatar.com\/avatar\/53c590fdd1ec24ee297a15a00a0829b5191e9163e4cc5dbbee20ed40fcc30ad9?s=96&d=mm&r=g","height":96,"width":96}},"publisher":{"@type":"Organization","name":"eupatrid.cz","logo":{"@type":"ImageObject","@id":"\/logo.png","url":"\/logo.png","width":600,"height":60}},"image":{"@type":"ImageObject","@id":"https:\/\/www.eupatrid.cz\/wp-content\/uploads\/transport%20bedny.png","url":"https:\/\/www.eupatrid.cz\/wp-content\/uploads\/transport%20bedny.png","height":0,"width":0},"wordCount":715,"keywords":null},{"@type":"Article","@id":"https:\/\/www.eupatrid.cz\/osaceni-k-oltari\/","headline":"O\u0161acen\u00ed k olt\u00e1\u0159i","url":"https:\/\/www.eupatrid.cz\/osaceni-k-oltari\/","datePublished":"2021-08-25","dateModified":"2023-05-02","mainEntityOfPage":"https:\/\/www.eupatrid.cz\/osaceni-k-oltari\/","author":{"@type":"Person","@id":"https:\/\/www.eupatrid.cz\/author\/#Person","name":"","url":"https:\/\/www.eupatrid.cz\/author\/","identifier":1,"image":{"@type":"ImageObject","@id":"https:\/\/secure.gravatar.com\/avatar\/53c590fdd1ec24ee297a15a00a0829b5191e9163e4cc5dbbee20ed40fcc30ad9?s=96&d=mm&r=g","url":"https:\/\/secure.gravatar.com\/avatar\/53c590fdd1ec24ee297a15a00a0829b5191e9163e4cc5dbbee20ed40fcc30ad9?s=96&d=mm&r=g","height":96,"width":96}},"publisher":{"@type":"Organization","name":"eupatrid.cz","logo":{"@type":"ImageObject","@id":"\/logo.png","url":"\/logo.png","width":600,"height":60}},"image":{"@type":"ImageObject","@id":"https:\/\/www.eupatrid.cz\/wp-content\/uploads\/snubn%C3%AD%20prsteny.png","url":"https:\/\/www.eupatrid.cz\/wp-content\/uploads\/snubn%C3%AD%20prsteny.png","height":0,"width":0},"wordCount":522,"keywords":null},{"@type":"Article","@id":"https:\/\/www.eupatrid.cz\/v-cem-doma-relaxovat\/","headline":"V \u010dem doma relaxovat","url":"https:\/\/www.eupatrid.cz\/v-cem-doma-relaxovat\/","datePublished":"2021-08-20","dateModified":"2023-05-02","mainEntityOfPage":"https:\/\/www.eupatrid.cz\/v-cem-doma-relaxovat\/","author":{"@type":"Person","@id":"https:\/\/www.eupatrid.cz\/author\/#Person","name":"","url":"https:\/\/www.eupatrid.cz\/author\/","identifier":1,"image":{"@type":"ImageObject","@id":"https:\/\/secure.gravatar.com\/avatar\/53c590fdd1ec24ee297a15a00a0829b5191e9163e4cc5dbbee20ed40fcc30ad9?s=96&d=mm&r=g","url":"https:\/\/secure.gravatar.com\/avatar\/53c590fdd1ec24ee297a15a00a0829b5191e9163e4cc5dbbee20ed40fcc30ad9?s=96&d=mm&r=g","height":96,"width":96}},"publisher":{"@type":"Organization","name":"eupatrid.cz","logo":{"@type":"ImageObject","@id":"\/logo.png","url":"\/logo.png","width":600,"height":60}},"image":{"@type":"ImageObject","@id":"https:\/\/www.eupatrid.cz\/wp-content\/uploads\/young-woman-1745173_1920_1.jpg","url":"https:\/\/www.eupatrid.cz\/wp-content\/uploads\/young-woman-1745173_1920_1.jpg","height":0,"width":0},"wordCount":557,"keywords":null},{"@type":"Article","@id":"https:\/\/www.eupatrid.cz\/zacatky-v-podnikani-nejsou-snadne\/","headline":"Za\u010d\u00e1tky v podnik\u00e1n\u00ed nejsou snadn\u00e9\u2026","url":"https:\/\/www.eupatrid.cz\/zacatky-v-podnikani-nejsou-snadne\/","datePublished":"2021-07-05","dateModified":"2023-05-02","mainEntityOfPage":"https:\/\/www.eupatrid.cz\/zacatky-v-podnikani-nejsou-snadne\/","author":{"@type":"Person","@id":"https:\/\/www.eupatrid.cz\/author\/#Person","name":"","url":"https:\/\/www.eupatrid.cz\/author\/","identifier":1,"image":{"@type":"ImageObject","@id":"https:\/\/secure.gravatar.com\/avatar\/53c590fdd1ec24ee297a15a00a0829b5191e9163e4cc5dbbee20ed40fcc30ad9?s=96&d=mm&r=g","url":"https:\/\/secure.gravatar.com\/avatar\/53c590fdd1ec24ee297a15a00a0829b5191e9163e4cc5dbbee20ed40fcc30ad9?s=96&d=mm&r=g","height":96,"width":96}},"publisher":{"@type":"Organization","name":"eupatrid.cz","logo":{"@type":"ImageObject","@id":"\/logo.png","url":"\/logo.png","width":600,"height":60}},"image":{"@type":"ImageObject","@id":"https:\/\/www.eupatrid.cz\/wp-content\/uploads\/Soci%C3%A1ln%C3%AD%20s%C3%ADt%C4%9B_yMPSgI.jpg","url":"https:\/\/www.eupatrid.cz\/wp-content\/uploads\/Soci%C3%A1ln%C3%AD%20s%C3%ADt%C4%9B_yMPSgI.jpg","height":0,"width":0},"wordCount":574,"keywords":null},{"@type":"Article","@id":"https:\/\/www.eupatrid.cz\/kazda-vyjimecna-zena-si-zaslouzi-originalni-sperk\/","headline":"Ka\u017ed\u00e1 v\u00fdjime\u010dn\u00e1 \u017eena si zaslou\u017e\u00ed origin\u00e1ln\u00ed \u0161perk","url":"https:\/\/www.eupatrid.cz\/kazda-vyjimecna-zena-si-zaslouzi-originalni-sperk\/","datePublished":"2021-06-23","dateModified":"2023-05-02","mainEntityOfPage":"https:\/\/www.eupatrid.cz\/kazda-vyjimecna-zena-si-zaslouzi-originalni-sperk\/","author":{"@type":"Person","@id":"https:\/\/www.eupatrid.cz\/author\/#Person","name":"","url":"https:\/\/www.eupatrid.cz\/author\/","identifier":1,"image":{"@type":"ImageObject","@id":"https:\/\/secure.gravatar.com\/avatar\/53c590fdd1ec24ee297a15a00a0829b5191e9163e4cc5dbbee20ed40fcc30ad9?s=96&d=mm&r=g","url":"https:\/\/secure.gravatar.com\/avatar\/53c590fdd1ec24ee297a15a00a0829b5191e9163e4cc5dbbee20ed40fcc30ad9?s=96&d=mm&r=g","height":96,"width":96}},"publisher":{"@type":"Organization","name":"eupatrid.cz","logo":{"@type":"ImageObject","@id":"\/logo.png","url":"\/logo.png","width":600,"height":60}},"image":{"@type":"ImageObject","@id":"https:\/\/www.eupatrid.cz\/wp-content\/uploads\/%C5%BEena%20sm%C3%ADch.jpeg","url":"https:\/\/www.eupatrid.cz\/wp-content\/uploads\/%C5%BEena%20sm%C3%ADch.jpeg","height":0,"width":0},"wordCount":615,"keywords":null}]},{"@context":"https:\/\/schema.org","@type":"WebSite","@id":"https:\/\/www.eupatrid.cz\/#website","name":"Eupatrid","url":"https:\/\/www.eupatrid.cz","potentialAction":{"@type":"SearchAction","target":"https:\/\/www.eupatrid.cz\/?s={search_term_string}","query-input":"required name=search_term_string"}}]