[{"@context":"https:\/\/schema.org\/","@type":"Article","@id":"https:\/\/www.eupatrid.cz\/nezmeskejte-letadlo-pred-nocnim-odletem-na-gran-canaria\/#Article","mainEntityOfPage":"https:\/\/www.eupatrid.cz\/nezmeskejte-letadlo-pred-nocnim-odletem-na-gran-canaria\/","headline":"Nezme\u0161kejte letadlo p\u0159ed no\u010dn\u00edm odletem na Gran Canaria","name":"Nezme\u0161kejte letadlo p\u0159ed no\u010dn\u00edm odletem na Gran Canaria","description":"M\u00e1te r\u00e1di exotick\u00e9 destinace, ale nikdy jste nem\u011bli to \u0161t\u011bst\u00ed do n\u011bkter\u00e9 z nich se pod\u00edvat? Prozat\u00edm pouze listujete v kataloz\u00edch cestovn\u00edch kancel\u00e1\u0159\u00ed a sn\u00edte o tom, jak\u00e9 by to bylo proch\u00e1zet se bosky po pl\u00e1\u017ei v Maspalomas na Gran Canaria, plavat v Atlantsk\u00e9m oce\u00e1nu a u\u017e\u00edvat si tamn\u00ed velmi p\u0159\u00edjemn\u00e9 klima? \u017divot n\u00e1m ale...<p class=\"more-link\"><a href=\"https:\/\/www.eupatrid.cz\/nezmeskejte-letadlo-pred-nocnim-odletem-na-gran-canaria\/\" class=\"themebutton3\">Read More<\/a><\/p>","datePublished":"2025-02-11","dateModified":"2025-02-11","author":{"@type":"Person","@id":"https:\/\/www.eupatrid.cz\/author\/#Person","name":"","url":"https:\/\/www.eupatrid.cz\/author\/","identifier":1,"image":{"@type":"ImageObject","@id":"https:\/\/secure.gravatar.com\/avatar\/53c590fdd1ec24ee297a15a00a0829b5191e9163e4cc5dbbee20ed40fcc30ad9?s=96&d=mm&r=g","url":"https:\/\/secure.gravatar.com\/avatar\/53c590fdd1ec24ee297a15a00a0829b5191e9163e4cc5dbbee20ed40fcc30ad9?s=96&d=mm&r=g","height":96,"width":96}},"publisher":{"@type":"Organization","name":"eupatrid.cz","logo":{"@type":"ImageObject","@id":"\/logo.png","url":"\/logo.png","width":600,"height":60}},"image":{"@type":"ImageObject","@id":"https:\/\/www.eupatrid.cz\/wp-content\/uploads\/maspalomas-5026585_640.jpg","url":"https:\/\/www.eupatrid.cz\/wp-content\/uploads\/maspalomas-5026585_640.jpg","height":0,"width":0},"url":"https:\/\/www.eupatrid.cz\/nezmeskejte-letadlo-pred-nocnim-odletem-na-gran-canaria\/","about":["Produkty"],"wordCount":424,"articleBody":"        M\u00e1te r\u00e1di exotick\u00e9 destinace, ale nikdy jste nem\u011bli to \u0161t\u011bst\u00ed do n\u011bkter\u00e9 z nich se pod\u00edvat? Prozat\u00edm pouze listujete v kataloz\u00edch cestovn\u00edch kancel\u00e1\u0159\u00ed a sn\u00edte o tom, jak\u00e9 by to bylo proch\u00e1zet se bosky po pl\u00e1\u017ei v Maspalomas na Gran Canaria, plavat v Atlantsk\u00e9m oce\u00e1nu a u\u017e\u00edvat si tamn\u00ed velmi p\u0159\u00edjemn\u00e9 klima? \u017divot n\u00e1m ale n\u011bkdy dok\u00e1\u017ee p\u0159ipravit zaj\u00edmav\u00e1 p\u0159ekvapen\u00ed a to, co v\u00e1m budeme nyn\u00ed vypr\u00e1v\u011bt, se skute\u010dn\u011b stalo. Dva partnersk\u00e9 p\u00e1ry si natolik spolu rozum\u011bli, \u017ee se \u010dastokr\u00e1t sch\u00e1zeli v pra\u017esk\u00e9m byt\u011b na s\u00eddli\u0161ti v \u0158ep\u00edch a vypr\u00e1v\u011bli si r\u016fzn\u00e9 historky dlouho do noci, kdy\u017e na jedn\u00e9 z n\u00e1v\u0161t\u011bv pronesl docela nen\u00e1padnou formou jeden z nich informaci, \u017ee zajistil dovolenkov\u00fd pobyt pr\u00e1v\u011b v Maspalomas. M\u011bl to b\u00fdt d\u00e1rek pro celou skupinu, co\u017e se tak\u00e9 skute\u010dn\u011b vyda\u0159ilo.Jestli\u017ee ov\u0161em zajist\u00edte takov\u00fdto pobyt v akci \u201elast minute\u201c, m\u016f\u017ee se v\u00e1m st\u00e1t, \u017ee bude nutn\u00e9 co nejrychleji sbalit kufry a vyrazit na leti\u0161t\u011b. N\u011bkdy na to m\u00e1te jen jednu a\u017e dv\u011b hodiny \u010dist\u00e9ho \u010dasu. To se samoz\u0159ejm\u011b m\u016f\u017ee zd\u00e1t jako dostate\u010dn\u011b dlouh\u00e1 doba, v\u017edy\u0165 m\u00e1te sbaleno za p\u016fl hodiny a dal\u0161\u00ed hodina v\u00e1m zbyde na hygienu a stravov\u00e1n\u00ed, jen\u017ee co kdy\u017e m\u00e1te va\u0161e v\u011bci rozstrkan\u00e9 po cel\u00e9m byt\u011b a n\u011bkter\u00e9 dokonce ve sklep\u011b nebo v gar\u00e1\u017ei, zvl\u00e1\u0161t\u011b pak ty sez\u00f3nn\u00ed, jako jsou ploutve, \u0161norchl, \u0161ortkov\u00e9 plavky, boty do vody atd. Pro takov\u00e9to situace (a nejen pro n\u011b) je v\u00fdhodn\u00e9 m\u00edt doma vestav\u011bnou sk\u0159\u00ed\u0148 z Prahy. Z\u00edsk\u00e1te t\u00edm dostatek \u00falo\u017en\u00e9ho prostoru a v\u011bt\u0161ina va\u0161ich v\u011bc\u00ed, nebo dokonce snad v\u0161echny v\u011bci budou um\u00edst\u011bn\u00e9 na jednom m\u00edst\u011b, tak\u017ee pak sta\u010d\u00ed jen odsunout posuvn\u00e9 dve\u0159e a pohodln\u011b a v poklidu vypro\u0161\u0165ovat z reg\u00e1l\u016f v\u0161e, co pot\u0159ebujete pro v\u00e1\u0161 dovolenkov\u00fd pobyt.S vestav\u011bnou sk\u0159\u00edn\u00ed se v\u00e1m zkr\u00e1tka bude l\u00e9pe \u017e\u00edt, nehled\u011b na to, \u017ee si ji m\u016f\u017eete nechat sestavit v p\u0159eds\u00edni a uvolnit prostor ve va\u0161\u00ed lo\u017enici, kter\u00e1 d\u00edky tomu bude vzdu\u0161n\u011bj\u0161\u00ed a prostorn\u011bj\u0161\u00ed.                                                                                                                                                                                                                                                                                                                                                                                          4.2\/5 - (12 votes)        "},{"@context":"https:\/\/schema.org\/","@type":"BreadcrumbList","itemListElement":[{"@type":"ListItem","position":1,"name":"Nezme\u0161kejte letadlo p\u0159ed no\u010dn\u00edm odletem na Gran Canaria","item":"https:\/\/www.eupatrid.cz\/nezmeskejte-letadlo-pred-nocnim-odletem-na-gran-canaria\/#breadcrumbitem"}]}]