[{"@context":"https:\/\/schema.org\/","@type":"Article","@id":"https:\/\/www.eupatrid.cz\/nejcastejsi-nemoci-u-deti-do-tri-let\/#Article","mainEntityOfPage":"https:\/\/www.eupatrid.cz\/nejcastejsi-nemoci-u-deti-do-tri-let\/","headline":"Nej\u010dast\u011bj\u0161\u00ed nemoci u d\u011bt\u00ed do t\u0159\u00ed let","name":"Nej\u010dast\u011bj\u0161\u00ed nemoci u d\u011bt\u00ed do t\u0159\u00ed let","description":"Mal\u00e9 d\u011bti b\u00fdvaj\u00ed nemocn\u00e9 pom\u011brn\u011b \u010dasto, p\u0159edev\u0161\u00edm pokud ji\u017e maj\u00ed star\u0161\u00edho sourozence, kter\u00fd chod\u00ed do \u0161kolky. Jak\u00e9 nemoci nej\u010dast\u011bji d\u011bti do t\u0159\u00ed let tr\u00e1p\u00ed? Je\u0161t\u011b bych r\u00e1da upozornila, \u017ee diagnostiku nemoci je t\u0159eba nechat na l\u00e9ka\u0159i, ten jedin\u00fd v\u00e1m m\u016f\u017ee \u0159\u00edci, co konkr\u00e9tn\u011b je to za nemoc a jak se bude l\u00e9\u010dit. R\u00fdma R\u00fdma je...<p class=\"more-link\"><a href=\"https:\/\/www.eupatrid.cz\/nejcastejsi-nemoci-u-deti-do-tri-let\/\" class=\"themebutton3\">Read More<\/a><\/p>","datePublished":"2019-10-04","dateModified":"2023-05-02","author":{"@type":"Person","@id":"https:\/\/www.eupatrid.cz\/author\/#Person","name":"","url":"https:\/\/www.eupatrid.cz\/author\/","identifier":1,"image":{"@type":"ImageObject","@id":"https:\/\/secure.gravatar.com\/avatar\/53c590fdd1ec24ee297a15a00a0829b5191e9163e4cc5dbbee20ed40fcc30ad9?s=96&d=mm&r=g","url":"https:\/\/secure.gravatar.com\/avatar\/53c590fdd1ec24ee297a15a00a0829b5191e9163e4cc5dbbee20ed40fcc30ad9?s=96&d=mm&r=g","height":96,"width":96}},"publisher":{"@type":"Organization","name":"eupatrid.cz","logo":{"@type":"ImageObject","@id":"\/logo.png","url":"\/logo.png","width":600,"height":60}},"image":{"@type":"ImageObject","@id":"https:\/\/www.eupatrid.cz\/wp-content\/uploads\/img_a356215_w3166_t1570899705.jpg","url":"https:\/\/www.eupatrid.cz\/wp-content\/uploads\/img_a356215_w3166_t1570899705.jpg","height":0,"width":0},"url":"https:\/\/www.eupatrid.cz\/nejcastejsi-nemoci-u-deti-do-tri-let\/","about":["D\u011bti"],"wordCount":455,"articleBody":"Mal\u00e9 d\u011bti b\u00fdvaj\u00ed nemocn\u00e9 pom\u011brn\u011b \u010dasto, p\u0159edev\u0161\u00edm pokud ji\u017e maj\u00ed star\u0161\u00edho sourozence, kter\u00fd chod\u00ed do \u0161kolky. Jak\u00e9 nemoci nej\u010dast\u011bji d\u011bti do t\u0159\u00ed let tr\u00e1p\u00ed? Je\u0161t\u011b bych r\u00e1da upozornila, \u017ee diagnostiku nemoci je t\u0159eba nechat na l\u00e9ka\u0159i, ten jedin\u00fd v\u00e1m m\u016f\u017ee \u0159\u00edci, co konkr\u00e9tn\u011b je to za nemoc a jak se bude l\u00e9\u010dit.   R\u00fdma  R\u00fdma je u d\u011bt\u00ed opravdu \u010dast\u00fdm jevem. V\u011bt\u0161ina mal\u00fdch d\u011bt\u00ed se s n\u00ed b\u011bhem prvn\u00edch t\u0159ech let sv\u00e9ho \u017eivota potk\u00e1 i opakovan\u011b. Nejhor\u0161\u00ed je, \u017ee mal\u00e9 d\u011bti neum\u00ed je\u0161t\u011b smrkat a t\u00edm p\u00e1dem se hleny dus\u00ed. Mus\u00edte t\u00edm p\u00e1dem nos \u010distit ods\u00e1va\u010dkou \u010di vatov\u00fdmi tamponky. Miminko se tak\u00e9 m\u016f\u017ee v\u00edce budit a tak\u00e9 m\u016f\u017ee m\u00edt probl\u00e9my s kojen\u00edm. Pln\u00fd nos jim toti\u017e nedovol\u00ed p\u0159i kojen\u00ed d\u00fdchat. Pr\u016fjmov\u00e1 onemocn\u011bn\u00ed Tady zpozorn\u011bte. Pr\u016fjmy jsou u mal\u00fdch d\u011bt\u00ed pom\u011brn\u011b nebezpe\u010dn\u00e9 kv\u016fli tomu, \u017ee mal\u00e9 d\u011btsk\u00e9 t\u011blo se m\u016f\u017ee dostat do stavu dehydratace. Nej\u010dast\u011bj\u0161\u00edmi vyvolavateli pr\u016fjm\u016f jsou viry a bakterie. Na v\u011bt\u0161inu pr\u016fjmov\u00fdch onemocn\u011bn\u00ed si d\u011bti postupn\u011b vytv\u00e1\u0159\u00ed obrann\u00e9 l\u00e1tky a t\u011blo tak nemoc zvl\u00e1d\u00e1 pozd\u011bji l\u00e9pe. Pokud koj\u00edte, pak kojte co nejv\u00edce. Nekojen\u00e9 d\u011bti by po dobu prvn\u00edch dn\u016f nem\u011bly p\u00edt um\u011bl\u00e9 ml\u00e9ko. To by m\u011blo b\u00fdt nahrazeno rehydrata\u010dn\u00edm roztokem.  P\u00e1t\u00e1 a \u0161est\u00e1 nemoc Ob\u011b tyto nemoci spojuje jejich p\u016fvod. Jedn\u00e1 se o virov\u00e1 onemocn\u011bn\u00ed, kter\u00e1 nem\u00edvaj\u00ed komplikovan\u00fd pr\u016fb\u011bh, a v\u011bt\u0161ina d\u011bt\u00ed je zvl\u00e1dne pouze s l\u00e9ky na sn\u00ed\u017een\u00ed teploty. \u0160est\u00e1 nemoc je typick\u00e1 sv\u00fdmi vysok\u00fdmi teplotami, kter\u00e9 se \u0161patn\u011b sr\u00e1\u017e\u00ed. T\u0159et\u00ed den se objev\u00ed na trupu drobn\u00e1 r\u016f\u017eov\u00e1 vyr\u00e1\u017eka, kter\u00e1 se \u0161\u00ed\u0159\u00ed na krk a pa\u017ee. Vyr\u00e1\u017eka v\u011bt\u0161inou do druh\u00e9ho dne zmiz\u00ed. P\u00e1t\u00e1 nemoc je charakterizov\u00e1na p\u0159edev\u0161\u00edm spl\u00fdvavou vyr\u00e1\u017ekou, kter\u00e1 se \u0161\u00ed\u0159\u00ed z obli\u010deje na h\u0159eb rukou a na stehna. Vyr\u00e1\u017eka je charakteristick\u00e1 sv\u00fdm tvarem, kter\u00fd p\u0159ipom\u00edn\u00e1 mot\u00fdla. Do t\u00fddne a\u017e des\u00edti dn\u016f vyr\u00e1\u017eka sama zmiz\u00ed. A\u0165 va\u0161e d\u00edtko potr\u00e1p\u00ed jak\u00e1koli nemoc, nejlep\u0161\u00ed je v\u017edy nav\u0161t\u00edvit l\u00e9ka\u0159e. Pokud si nejste jisti, \u017ee je to nutn\u00e9, pak l\u00e9ka\u0159i jednodu\u0161e zavolejte a pora\u010fte se s n\u00edm.                                                                                                                                                                                                                                                                                                                                                                                         3.2\/5 - (8 votes)        "},{"@context":"https:\/\/schema.org\/","@type":"BreadcrumbList","itemListElement":[{"@type":"ListItem","position":1,"name":"Nej\u010dast\u011bj\u0161\u00ed nemoci u d\u011bt\u00ed do t\u0159\u00ed let","item":"https:\/\/www.eupatrid.cz\/nejcastejsi-nemoci-u-deti-do-tri-let\/#breadcrumbitem"}]}]