[{"@context":"https:\/\/schema.org\/","@type":"Article","@id":"https:\/\/www.eupatrid.cz\/nadavate-taky-na-politiku\/#Article","mainEntityOfPage":"https:\/\/www.eupatrid.cz\/nadavate-taky-na-politiku\/","headline":"Nad\u00e1v\u00e1te taky na politiku?","name":"Nad\u00e1v\u00e1te taky na politiku?","description":"O politic\u00edch se \u0159\u00edk\u00e1 spousta r\u016fzn\u00fdch v\u011bc\u00ed. To, co se o nich \u0159\u00edk\u00e1, v\u011bt\u0161inou nen\u00ed zrovna n\u011bco, na co by mohli b\u00fdt py\u0161n\u00ed. Pokud u\u017e n\u011bkdo n\u011bjak\u00e9ho politika chv\u00e1l\u00ed, je to on s\u00e1m nebo nanejv\u00fd\u0161 jeho spolustran\u00edci. Ostatn\u00ed se do n\u011bj nav\u00e1\u017eej\u00ed, hned jak vstoup\u00ed do politiky, a v\u011bt\u0161inou na n\u011bm nenechaj\u00ed nit suchou i...<p class=\"more-link\"><a href=\"https:\/\/www.eupatrid.cz\/nadavate-taky-na-politiku\/\" class=\"themebutton3\">Read More<\/a><\/p>","datePublished":"2021-11-23","dateModified":"2023-05-02","author":{"@type":"Person","@id":"https:\/\/www.eupatrid.cz\/author\/#Person","name":"","url":"https:\/\/www.eupatrid.cz\/author\/","identifier":1,"image":{"@type":"ImageObject","@id":"https:\/\/secure.gravatar.com\/avatar\/53c590fdd1ec24ee297a15a00a0829b5191e9163e4cc5dbbee20ed40fcc30ad9?s=96&d=mm&r=g","url":"https:\/\/secure.gravatar.com\/avatar\/53c590fdd1ec24ee297a15a00a0829b5191e9163e4cc5dbbee20ed40fcc30ad9?s=96&d=mm&r=g","height":96,"width":96}},"publisher":{"@type":"Organization","name":"eupatrid.cz","logo":{"@type":"ImageObject","@id":"\/logo.png","url":"\/logo.png","width":600,"height":60}},"image":{"@type":"ImageObject","@id":"https:\/\/www.eupatrid.cz\/wp-content\/uploads\/politika%201_1.jpg","url":"https:\/\/www.eupatrid.cz\/wp-content\/uploads\/politika%201_1.jpg","height":0,"width":0},"url":"https:\/\/www.eupatrid.cz\/nadavate-taky-na-politiku\/","about":["Www"],"wordCount":449,"articleBody":"O politic\u00edch se \u0159\u00edk\u00e1 spousta r\u016fzn\u00fdch v\u011bc\u00ed. To, co se o nich \u0159\u00edk\u00e1, v\u011bt\u0161inou nen\u00ed zrovna n\u011bco, na co by mohli b\u00fdt py\u0161n\u00ed. Pokud u\u017e n\u011bkdo n\u011bjak\u00e9ho politika chv\u00e1l\u00ed, je to on s\u00e1m nebo nanejv\u00fd\u0161 jeho spolustran\u00edci. Ostatn\u00ed se do n\u011bj nav\u00e1\u017eej\u00ed, hned jak vstoup\u00ed do politiky, a v\u011bt\u0161inou na n\u011bm nenechaj\u00ed nit suchou i dlouho potom, co takov\u00fd politik definitivn\u011b odstoup\u00ed. Takov\u00e1 u\u017e prost\u011b politika je.A pro\u010d je to tak? Mezi politiky samoz\u0159ejm\u011b proto, \u017ee se tam bojuje o koryta, a tak se mus\u00ed ti od konkurence co nejv\u00edc po\u0161pinit, aby je lidi nevolili a volili rad\u0161i ty, co kydaj\u00ed \u0161p\u00ednu. A spolustran\u00edci se mus\u00ed chv\u00e1lit, nebo\u0165 nikdo p\u0159ece nebude k\u00e1let do vlastn\u00edho hn\u00edzda. I kdy\u017e i tady se ur\u010dit\u011b provozuj\u00ed intriky, aby se sesadili ti nad n\u00e1mi a dalo se tak vy\u0161plhat po jejich politick\u00fdch mrtvol\u00e1ch v\u00fd\u0161.Tak\u017ee je politika docela velk\u00e1 hromada \u0161p\u00edny, p\u0159\u00edmo hnoje. A ka\u017ed\u00fd, kdo se na n\u00ed d\u00e1, se mus\u00ed u\u0161pinit a na\u010dichnout.A oby\u010dejn\u00ed lidi? Ti to jenom doraz\u00ed. Ti na politiky nad\u00e1vaj\u00ed taky a sv\u00e1d\u011bj\u00ed na n\u011b v\u0161echno zlo na\u0161eho sv\u011bta. Mo\u017en\u00e1 jim z\u00e1vid\u00ed jejich moc a pen\u00edze, mo\u017en\u00e1 se na politiky jenom dob\u0159e nad\u00e1v\u00e1 proto, \u017ee je je dob\u0159e vid\u011bt a d\u00e1 se na n\u011b kdeco sv\u00e9st. T\u0159eba i to, za co nem\u016f\u017eou.Kdy\u017e n\u00e1s zav\u0159eli t\u0159eba kv\u016fli koronaviru doma, nad\u00e1vali jsme na n\u011b. Kdy\u017e n\u00e1s nepustili do pr\u00e1ce, nad\u00e1vali jsme na n\u011b, i kdy\u017e n\u00e1m st\u00e1t p\u0159isp\u00edval na \u017eivobyt\u00ed za nic, abychom bez pr\u00e1ce neum\u0159eli hlady. Dnes nad\u00e1v\u00e1me, \u017ee n\u00e1s tamti politici zadlu\u017eili, i kdy\u017e to ud\u011blali kv\u016fli n\u00e1m, abychom m\u011bli za co \u017e\u00edt. A na dne\u0161n\u00ed politiky nad\u00e1v\u00e1me, proto\u017ee n\u00e1m cht\u011bj\u00ed sebrat v\u00fdhody, kter\u00e9 n\u00e1m p\u0159inesla pandemie, a my se zase m\u00e1me \u017eivit sami a d\u0159\u00edv\u011bj\u0161\u00ed dluhy splatit. Nikdo z\u00a0nich se nezavd\u011b\u010d\u00ed. To je p\u0159ece politika a ta u\u017e je takov\u00e1.Politika se n\u00e1m teda asi nikdy l\u00edbit nebude. Politici pro n\u00e1s v\u017edycky budou fackovac\u00ed pan\u00e1ci a ter\u010d kritiky. Ale to je vlastn\u011b jedno. Jestli se jim to p\u0159ece nel\u00edb\u00ed, m\u016f\u017eou kdykoliv s\u00a0politikou seknout nebo do n\u00ed ani nevstoupit.                                                                                                                                                                                                                                                                                                                                                                                        5\/5 - (5 votes)        "},{"@context":"https:\/\/schema.org\/","@type":"BreadcrumbList","itemListElement":[{"@type":"ListItem","position":1,"name":"Nad\u00e1v\u00e1te taky na politiku?","item":"https:\/\/www.eupatrid.cz\/nadavate-taky-na-politiku\/#breadcrumbitem"}]}]