{"@context":"https:\/\/schema.org\/","@type":"CollectionPage","@id":"https:\/\/www.eupatrid.cz\/moda\/#CollectionPage","headline":"M\u00f3da\r Category","description":"","url":"https:\/\/www.eupatrid.cz\/moda\/","hasPart":[{"@type":"Article","@id":"https:\/\/www.eupatrid.cz\/co-dnes-radeji-nenosit-i-kdyz-se-to-prodava-vsude\/","headline":"Co dnes rad\u011bji nenosit, i kdy\u017e se to prod\u00e1v\u00e1 v\u0161ude?","url":"https:\/\/www.eupatrid.cz\/co-dnes-radeji-nenosit-i-kdyz-se-to-prodava-vsude\/","datePublished":"2022-10-31","dateModified":"2023-05-02","mainEntityOfPage":"https:\/\/www.eupatrid.cz\/co-dnes-radeji-nenosit-i-kdyz-se-to-prodava-vsude\/","author":{"@type":"Person","@id":"https:\/\/www.eupatrid.cz\/author\/#Person","name":"","url":"https:\/\/www.eupatrid.cz\/author\/","identifier":1,"image":{"@type":"ImageObject","@id":"https:\/\/secure.gravatar.com\/avatar\/53c590fdd1ec24ee297a15a00a0829b5191e9163e4cc5dbbee20ed40fcc30ad9?s=96&d=mm&r=g","url":"https:\/\/secure.gravatar.com\/avatar\/53c590fdd1ec24ee297a15a00a0829b5191e9163e4cc5dbbee20ed40fcc30ad9?s=96&d=mm&r=g","height":96,"width":96}},"publisher":{"@type":"Organization","name":"eupatrid.cz","logo":{"@type":"ImageObject","@id":"\/logo.png","url":"\/logo.png","width":600,"height":60}},"image":{"@type":"ImageObject","@id":"https:\/\/www.eupatrid.cz\/wp-content\/uploads\/mod_1.JPG","url":"https:\/\/www.eupatrid.cz\/wp-content\/uploads\/mod_1.JPG","height":0,"width":0},"keywords":null},{"@type":"Article","@id":"https:\/\/www.eupatrid.cz\/jake-saty-nosi-dnesni-nevesty\/","headline":"Jak\u00e9 \u0161aty nos\u00ed dne\u0161n\u00ed nev\u011bsty?","url":"https:\/\/www.eupatrid.cz\/jake-saty-nosi-dnesni-nevesty\/","datePublished":"2021-09-26","dateModified":"2023-05-02","mainEntityOfPage":"https:\/\/www.eupatrid.cz\/jake-saty-nosi-dnesni-nevesty\/","author":{"@type":"Person","@id":"https:\/\/www.eupatrid.cz\/author\/#Person","name":"","url":"https:\/\/www.eupatrid.cz\/author\/","identifier":1,"image":{"@type":"ImageObject","@id":"https:\/\/secure.gravatar.com\/avatar\/53c590fdd1ec24ee297a15a00a0829b5191e9163e4cc5dbbee20ed40fcc30ad9?s=96&d=mm&r=g","url":"https:\/\/secure.gravatar.com\/avatar\/53c590fdd1ec24ee297a15a00a0829b5191e9163e4cc5dbbee20ed40fcc30ad9?s=96&d=mm&r=g","height":96,"width":96}},"publisher":{"@type":"Organization","name":"eupatrid.cz","logo":{"@type":"ImageObject","@id":"\/logo.png","url":"\/logo.png","width":600,"height":60}},"image":{"@type":"ImageObject","@id":"https:\/\/www.eupatrid.cz\/wp-content\/uploads\/nev%C4%9Bsta%20a.JPG","url":"https:\/\/www.eupatrid.cz\/wp-content\/uploads\/nev%C4%9Bsta%20a.JPG","height":0,"width":0},"keywords":null},{"@type":"Article","@id":"https:\/\/www.eupatrid.cz\/kulturni-apropriace-v-modnim-prumyslu\/","headline":"Kulturn\u00ed apropriace v m\u00f3dn\u00edm pr\u016fmyslu","url":"https:\/\/www.eupatrid.cz\/kulturni-apropriace-v-modnim-prumyslu\/","datePublished":"2020-03-19","dateModified":"2023-05-02","mainEntityOfPage":"https:\/\/www.eupatrid.cz\/kulturni-apropriace-v-modnim-prumyslu\/","author":{"@type":"Person","@id":"https:\/\/www.eupatrid.cz\/author\/#Person","name":"","url":"https:\/\/www.eupatrid.cz\/author\/","identifier":1,"image":{"@type":"ImageObject","@id":"https:\/\/secure.gravatar.com\/avatar\/53c590fdd1ec24ee297a15a00a0829b5191e9163e4cc5dbbee20ed40fcc30ad9?s=96&d=mm&r=g","url":"https:\/\/secure.gravatar.com\/avatar\/53c590fdd1ec24ee297a15a00a0829b5191e9163e4cc5dbbee20ed40fcc30ad9?s=96&d=mm&r=g","height":96,"width":96}},"publisher":{"@type":"Organization","name":"eupatrid.cz","logo":{"@type":"ImageObject","@id":"\/logo.png","url":"\/logo.png","width":600,"height":60}},"image":{"@type":"ImageObject","@id":"https:\/\/www.eupatrid.cz\/wp-content\/uploads\/img_a372802_w3166_t1584350673.jpg","url":"https:\/\/www.eupatrid.cz\/wp-content\/uploads\/img_a372802_w3166_t1584350673.jpg","height":0,"width":0},"keywords":null}]}