[{"@context":"https:\/\/schema.org\/","@type":"Article","@id":"https:\/\/www.eupatrid.cz\/mile-deti\/#Article","mainEntityOfPage":"https:\/\/www.eupatrid.cz\/mile-deti\/","headline":"Mil\u00e9 d\u011bti","name":"Mil\u00e9 d\u011bti","description":"Mysl\u00edm si, \u017ee na\u0161e d\u011bti by si m\u011bly v\u017edycky zaslou\u017eit jenom to nejlep\u0161\u00ed. Jsou ale bohu\u017eel tak\u00e9 p\u0159\u00edpady, kde n\u011bkter\u00e9 d\u011bti nemaj\u00ed to \u0161t\u011bst\u00ed, aby vyr\u016fstaly ve kvalitn\u00ed a \u00fapln\u00e9 rodin\u011b. Abych pravdu \u0159ekla, tak j\u00e1 jsem taky vyr\u016fstala takov\u00e9 rodin\u011b, kde se moji rodi\u010de st\u00e1le jenom h\u00e1dali. Tohle v\u0161echno jsem si za\u010dala uv\u011bdomovat, kdy\u017e...<p class=\"more-link\"><a href=\"https:\/\/www.eupatrid.cz\/mile-deti\/\" class=\"themebutton3\">Read More<\/a><\/p>","datePublished":"2023-02-08","dateModified":"2023-05-02","author":{"@type":"Person","@id":"https:\/\/www.eupatrid.cz\/author\/#Person","name":"","url":"https:\/\/www.eupatrid.cz\/author\/","identifier":1,"image":{"@type":"ImageObject","@id":"https:\/\/secure.gravatar.com\/avatar\/53c590fdd1ec24ee297a15a00a0829b5191e9163e4cc5dbbee20ed40fcc30ad9?s=96&d=mm&r=g","url":"https:\/\/secure.gravatar.com\/avatar\/53c590fdd1ec24ee297a15a00a0829b5191e9163e4cc5dbbee20ed40fcc30ad9?s=96&d=mm&r=g","height":96,"width":96}},"publisher":{"@type":"Organization","name":"eupatrid.cz","logo":{"@type":"ImageObject","@id":"\/logo.png","url":"\/logo.png","width":600,"height":60}},"image":{"@type":"ImageObject","@id":"https:\/\/www.eupatrid.cz\/wp-content\/uploads\/boy-469264_960_720.jpg","url":"https:\/\/www.eupatrid.cz\/wp-content\/uploads\/boy-469264_960_720.jpg","height":0,"width":0},"url":"https:\/\/www.eupatrid.cz\/mile-deti\/","about":["D\u011bti"],"wordCount":455,"articleBody":"Mysl\u00edm si, \u017ee na\u0161e d\u011bti by si m\u011bly v\u017edycky zaslou\u017eit jenom to nejlep\u0161\u00ed. Jsou ale bohu\u017eel tak\u00e9 p\u0159\u00edpady, kde n\u011bkter\u00e9 d\u011bti nemaj\u00ed to \u0161t\u011bst\u00ed, aby vyr\u016fstaly ve kvalitn\u00ed a \u00fapln\u00e9 rodin\u011b. Abych pravdu \u0159ekla, tak j\u00e1 jsem taky vyr\u016fstala takov\u00e9 rodin\u011b, kde se moji rodi\u010de st\u00e1le jenom h\u00e1dali. Tohle v\u0161echno jsem si za\u010dala uv\u011bdomovat, kdy\u017e mi asi bylo v sedm let. A zjistila jsem, \u017ee jin\u00e9 rodiny \u017eij\u00ed \u00fapln\u011b jinak ne\u017e ta rodina moje. Taky jsem si p\u0159\u00e1la m\u00edt takovou rodinu, kter\u00e1 je hodn\u00e1 a kter\u00e1 taky db\u00e1 o to pohodl\u00ed a kr\u00e1su a teplo rodinn\u00e9ho \u0161t\u011bst\u00ed. Bohu\u017eel u n\u00e1s se tohle ned\u011blo. Ani nev\u00edte, jak moc m\u011b to mrzelo. Nejhor\u0161\u00ed na tom bylo, kdy\u017e jsem \u0161la t\u0159eba ke kamar\u00e1dce, kter\u00e1 m\u011bla oba dva miluj\u00edc\u00ed rodi\u010de. A ti jej\u00ed rodi\u010de se taky navz\u00e1jem m\u011bli r\u00e1di. Sice rodi\u010de na m\u011b byli opravdu hodn\u00ed a taky by mi mo\u017en\u00e1 snesli modr\u00e9 z nebe, ale oni dva se mezi sebou st\u00e1le h\u00e1dali a jist\u011b v\u00edte, \u017ee d\u011bti t\u00edm opravdu hodn\u011b trp\u00ed. J\u00e1 jsem taky velice t\u00edm trp\u011bla, kdy\u017e se t\u0159eba moji rodi\u010de n\u011bkdy h\u00e1dali. A h\u00e1dali dokonce i kv\u016fli mn\u011b, ani\u017e bych za to t\u0159eba mohla. A t\u0159eba jsem cht\u011bla sp\u00e1t u kamar\u00e1dky, kter\u00e1 bydlela kousek ode m\u011b, tak\u017ee jsme si \u0159ekla, \u017ee to bude pohoda. Moje m\u00e1ma mi to necht\u011bla dovolit, ale otec ano. A j\u00e1 jsem tedy rad\u011bji z\u016fstala doma, aby nebyly probl\u00e9my.Jenom\u017ee m\u016fj otec zase nad\u00e1val m\u00e9 m\u00e1m\u011b, pro\u010d mi tohle zakazuje, kdy\u017e on mi to dovolil. A prost\u011b zkr\u00e1tka d\u011bti to maj\u00ed v \u017eivot\u011b n\u011bkdy opravdu slo\u017eit\u00e9, ani si to\u00a0t\u0159eba\u00a0neuv\u011bdomuj\u00ed a nem\u016f\u017eou za to. J\u00e1 jsem si \u0159ekla, \u017ee kdybych d\u0159\u00edve mohla myslet tak, jak mysl\u00edm nyn\u00ed, tak bych se rodi\u010d\u016fm omlouvala anebo jim \u0159ekla, a\u0165 se rad\u011bji neh\u00e1daj\u00ed, proto\u017ee h\u00e1dky jenom zp\u016fsobuj\u00ed d\u011btem trauma a je jim potom \u0161patn\u011b. A m\u011b nebylo nikdy dob\u0159e, kdy\u017e se rodi\u010de h\u00e1dali, a to klidn\u011b kolikr\u00e1t i do noci, \u017ee se mi potom \u0161patn\u011b vst\u00e1valo do \u0161koly. A co si mysl\u00edte vy o tom, kdy\u017e d\u011bti vyr\u016fstaj\u00ed\u00a0v rodin\u011b, kde se rodi\u010de jenom h\u00e1daj\u00ed? J\u00e1 bych tohle sv\u00e9 rodin\u011b nikdy nedovolila. Mysl\u00edm, \u017ee kompromis\u00a0se v\u017edy najde.\u00a0                                                                                                                                                                                                                                                                                                                                                                                        4.3\/5 - (3 votes)        "},{"@context":"https:\/\/schema.org\/","@type":"BreadcrumbList","itemListElement":[{"@type":"ListItem","position":1,"name":"Mil\u00e9 d\u011bti","item":"https:\/\/www.eupatrid.cz\/mile-deti\/#breadcrumbitem"}]}]