{"@context":"https:\/\/schema.org\/","@type":"CollectionPage","@id":"https:\/\/www.eupatrid.cz\/finance\/#CollectionPage","headline":"Finance Category","description":"","url":"https:\/\/www.eupatrid.cz\/finance\/","hasPart":[{"@type":"Article","@id":"https:\/\/www.eupatrid.cz\/jsou-i-chudi-podnikatele\/","headline":"Jsou i chud\u00ed podnikatel\u00e9","url":"https:\/\/www.eupatrid.cz\/jsou-i-chudi-podnikatele\/","datePublished":"2026-01-02","dateModified":"2026-01-02","mainEntityOfPage":"https:\/\/www.eupatrid.cz\/jsou-i-chudi-podnikatele\/","author":{"@type":"Person","@id":"https:\/\/www.eupatrid.cz\/author\/#Person","name":"","url":"https:\/\/www.eupatrid.cz\/author\/","identifier":1,"image":{"@type":"ImageObject","@id":"https:\/\/secure.gravatar.com\/avatar\/53c590fdd1ec24ee297a15a00a0829b5191e9163e4cc5dbbee20ed40fcc30ad9?s=96&d=mm&r=g","url":"https:\/\/secure.gravatar.com\/avatar\/53c590fdd1ec24ee297a15a00a0829b5191e9163e4cc5dbbee20ed40fcc30ad9?s=96&d=mm&r=g","height":96,"width":96}},"publisher":{"@type":"Organization","name":"eupatrid.cz","logo":{"@type":"ImageObject","@id":"\/logo.png","url":"\/logo.png","width":600,"height":60}},"image":{"@type":"ImageObject","@id":"https:\/\/www.eupatrid.cz\/wp-content\/uploads\/ppp_10_10_10_10_10_10_10_10_10_10_10_1.jpg","url":"https:\/\/www.eupatrid.cz\/wp-content\/uploads\/ppp_10_10_10_10_10_10_10_10_10_10_10_1.jpg","height":0,"width":0},"keywords":null},{"@type":"Article","@id":"https:\/\/www.eupatrid.cz\/co-kdyz-se-prodelava\/","headline":"Co kdy\u017e se prod\u011bl\u00e1v\u00e1?","url":"https:\/\/www.eupatrid.cz\/co-kdyz-se-prodelava\/","datePublished":"2025-11-06","dateModified":"2025-11-06","mainEntityOfPage":"https:\/\/www.eupatrid.cz\/co-kdyz-se-prodelava\/","author":{"@type":"Person","@id":"https:\/\/www.eupatrid.cz\/author\/#Person","name":"","url":"https:\/\/www.eupatrid.cz\/author\/","identifier":1,"image":{"@type":"ImageObject","@id":"https:\/\/secure.gravatar.com\/avatar\/53c590fdd1ec24ee297a15a00a0829b5191e9163e4cc5dbbee20ed40fcc30ad9?s=96&d=mm&r=g","url":"https:\/\/secure.gravatar.com\/avatar\/53c590fdd1ec24ee297a15a00a0829b5191e9163e4cc5dbbee20ed40fcc30ad9?s=96&d=mm&r=g","height":96,"width":96}},"publisher":{"@type":"Organization","name":"eupatrid.cz","logo":{"@type":"ImageObject","@id":"\/logo.png","url":"\/logo.png","width":600,"height":60}},"image":{"@type":"ImageObject","@id":"https:\/\/www.eupatrid.cz\/wp-content\/uploads\/pppppppppppppppppp_10_10_10_10_3.jpg","url":"https:\/\/www.eupatrid.cz\/wp-content\/uploads\/pppppppppppppppppp_10_10_10_10_3.jpg","height":0,"width":0},"keywords":null},{"@type":"Article","@id":"https:\/\/www.eupatrid.cz\/penize-nekdy-dochazeji\/","headline":"Pen\u00edze n\u011bkdy doch\u00e1zej\u00ed","url":"https:\/\/www.eupatrid.cz\/penize-nekdy-dochazeji\/","datePublished":"2025-08-16","dateModified":"2025-08-16","mainEntityOfPage":"https:\/\/www.eupatrid.cz\/penize-nekdy-dochazeji\/","author":{"@type":"Person","@id":"https:\/\/www.eupatrid.cz\/author\/#Person","name":"","url":"https:\/\/www.eupatrid.cz\/author\/","identifier":1,"image":{"@type":"ImageObject","@id":"https:\/\/secure.gravatar.com\/avatar\/53c590fdd1ec24ee297a15a00a0829b5191e9163e4cc5dbbee20ed40fcc30ad9?s=96&d=mm&r=g","url":"https:\/\/secure.gravatar.com\/avatar\/53c590fdd1ec24ee297a15a00a0829b5191e9163e4cc5dbbee20ed40fcc30ad9?s=96&d=mm&r=g","height":96,"width":96}},"publisher":{"@type":"Organization","name":"eupatrid.cz","logo":{"@type":"ImageObject","@id":"\/logo.png","url":"\/logo.png","width":600,"height":60}},"image":{"@type":"ImageObject","@id":"https:\/\/www.eupatrid.cz\/wp-content\/uploads\/pppppppppppppppppppppppppppppppppppppppppppppppppppppppp_10_5.jpg","url":"https:\/\/www.eupatrid.cz\/wp-content\/uploads\/pppppppppppppppppppppppppppppppppppppppppppppppppppppppp_10_5.jpg","height":0,"width":0},"keywords":null},{"@type":"Article","@id":"https:\/\/www.eupatrid.cz\/s-penezi-je-to-tezke\/","headline":"S pen\u011bzi je to t\u011b\u017ek\u00e9","url":"https:\/\/www.eupatrid.cz\/s-penezi-je-to-tezke\/","datePublished":"2025-01-18","dateModified":"2025-01-18","mainEntityOfPage":"https:\/\/www.eupatrid.cz\/s-penezi-je-to-tezke\/","author":{"@type":"Person","@id":"https:\/\/www.eupatrid.cz\/author\/#Person","name":"","url":"https:\/\/www.eupatrid.cz\/author\/","identifier":1,"image":{"@type":"ImageObject","@id":"https:\/\/secure.gravatar.com\/avatar\/53c590fdd1ec24ee297a15a00a0829b5191e9163e4cc5dbbee20ed40fcc30ad9?s=96&d=mm&r=g","url":"https:\/\/secure.gravatar.com\/avatar\/53c590fdd1ec24ee297a15a00a0829b5191e9163e4cc5dbbee20ed40fcc30ad9?s=96&d=mm&r=g","height":96,"width":96}},"publisher":{"@type":"Organization","name":"eupatrid.cz","logo":{"@type":"ImageObject","@id":"\/logo.png","url":"\/logo.png","width":600,"height":60}},"image":{"@type":"ImageObject","@id":"https:\/\/www.eupatrid.cz\/wp-content\/uploads\/pppppppppppp_10_10_7.jpg","url":"https:\/\/www.eupatrid.cz\/wp-content\/uploads\/pppppppppppp_10_10_7.jpg","height":0,"width":0},"keywords":null},{"@type":"Article","@id":"https:\/\/www.eupatrid.cz\/ne-kazdy-nam-pujci\/","headline":"Ne ka\u017ed\u00fd n\u00e1m p\u016fj\u010d\u00ed","url":"https:\/\/www.eupatrid.cz\/ne-kazdy-nam-pujci\/","datePublished":"2023-01-14","dateModified":"2023-05-02","mainEntityOfPage":"https:\/\/www.eupatrid.cz\/ne-kazdy-nam-pujci\/","author":{"@type":"Person","@id":"https:\/\/www.eupatrid.cz\/author\/#Person","name":"","url":"https:\/\/www.eupatrid.cz\/author\/","identifier":1,"image":{"@type":"ImageObject","@id":"https:\/\/secure.gravatar.com\/avatar\/53c590fdd1ec24ee297a15a00a0829b5191e9163e4cc5dbbee20ed40fcc30ad9?s=96&d=mm&r=g","url":"https:\/\/secure.gravatar.com\/avatar\/53c590fdd1ec24ee297a15a00a0829b5191e9163e4cc5dbbee20ed40fcc30ad9?s=96&d=mm&r=g","height":96,"width":96}},"publisher":{"@type":"Organization","name":"eupatrid.cz","logo":{"@type":"ImageObject","@id":"\/logo.png","url":"\/logo.png","width":600,"height":60}},"image":{"@type":"ImageObject","@id":"https:\/\/www.eupatrid.cz\/wp-content\/uploads\/money-1934037_960_720.jpg","url":"https:\/\/www.eupatrid.cz\/wp-content\/uploads\/money-1934037_960_720.jpg","height":0,"width":0},"keywords":null},{"@type":"Article","@id":"https:\/\/www.eupatrid.cz\/benevolentnejsi-podminky-nebankovnich-hypotek-prilakaji-rocne-tisice-lidi\/","headline":"Benevolentn\u011bj\u0161\u00ed podm\u00ednky nebankovn\u00edch hypot\u00e9k p\u0159il\u00e1kaj\u00ed ro\u010dn\u011b tis\u00edce lid\u00ed","url":"https:\/\/www.eupatrid.cz\/benevolentnejsi-podminky-nebankovnich-hypotek-prilakaji-rocne-tisice-lidi\/","datePublished":"2022-06-18","dateModified":"2023-05-02","mainEntityOfPage":"https:\/\/www.eupatrid.cz\/benevolentnejsi-podminky-nebankovnich-hypotek-prilakaji-rocne-tisice-lidi\/","author":{"@type":"Person","@id":"https:\/\/www.eupatrid.cz\/author\/#Person","name":"","url":"https:\/\/www.eupatrid.cz\/author\/","identifier":1,"image":{"@type":"ImageObject","@id":"https:\/\/secure.gravatar.com\/avatar\/53c590fdd1ec24ee297a15a00a0829b5191e9163e4cc5dbbee20ed40fcc30ad9?s=96&d=mm&r=g","url":"https:\/\/secure.gravatar.com\/avatar\/53c590fdd1ec24ee297a15a00a0829b5191e9163e4cc5dbbee20ed40fcc30ad9?s=96&d=mm&r=g","height":96,"width":96}},"publisher":{"@type":"Organization","name":"eupatrid.cz","logo":{"@type":"ImageObject","@id":"\/logo.png","url":"\/logo.png","width":600,"height":60}},"image":{"@type":"ImageObject","@id":"https:\/\/www.eupatrid.cz\/wp-content\/uploads\/laptop-g9b2b1dedd_640.jpg","url":"https:\/\/www.eupatrid.cz\/wp-content\/uploads\/laptop-g9b2b1dedd_640.jpg","height":0,"width":0},"keywords":null},{"@type":"Article","@id":"https:\/\/www.eupatrid.cz\/na-penezich-zavisi-vse\/","headline":"Na pen\u011bz\u00edch z\u00e1vis\u00ed v\u0161e","url":"https:\/\/www.eupatrid.cz\/na-penezich-zavisi-vse\/","datePublished":"2021-09-19","dateModified":"2023-05-02","mainEntityOfPage":"https:\/\/www.eupatrid.cz\/na-penezich-zavisi-vse\/","author":{"@type":"Person","@id":"https:\/\/www.eupatrid.cz\/author\/#Person","name":"","url":"https:\/\/www.eupatrid.cz\/author\/","identifier":1,"image":{"@type":"ImageObject","@id":"https:\/\/secure.gravatar.com\/avatar\/53c590fdd1ec24ee297a15a00a0829b5191e9163e4cc5dbbee20ed40fcc30ad9?s=96&d=mm&r=g","url":"https:\/\/secure.gravatar.com\/avatar\/53c590fdd1ec24ee297a15a00a0829b5191e9163e4cc5dbbee20ed40fcc30ad9?s=96&d=mm&r=g","height":96,"width":96}},"publisher":{"@type":"Organization","name":"eupatrid.cz","logo":{"@type":"ImageObject","@id":"\/logo.png","url":"\/logo.png","width":600,"height":60}},"image":{"@type":"ImageObject","@id":"https:\/\/www.eupatrid.cz\/wp-content\/uploads\/mince%20americk%C3%A9_1.jpg","url":"https:\/\/www.eupatrid.cz\/wp-content\/uploads\/mince%20americk%C3%A9_1.jpg","height":0,"width":0},"keywords":null},{"@type":"Article","@id":"https:\/\/www.eupatrid.cz\/cinske-e-shopy-vedou\/","headline":"\u010c\u00ednsk\u00e9 e-shopy vedou","url":"https:\/\/www.eupatrid.cz\/cinske-e-shopy-vedou\/","datePublished":"2020-09-27","dateModified":"2023-05-02","mainEntityOfPage":"https:\/\/www.eupatrid.cz\/cinske-e-shopy-vedou\/","author":{"@type":"Person","@id":"https:\/\/www.eupatrid.cz\/author\/#Person","name":"","url":"https:\/\/www.eupatrid.cz\/author\/","identifier":1,"image":{"@type":"ImageObject","@id":"https:\/\/secure.gravatar.com\/avatar\/53c590fdd1ec24ee297a15a00a0829b5191e9163e4cc5dbbee20ed40fcc30ad9?s=96&d=mm&r=g","url":"https:\/\/secure.gravatar.com\/avatar\/53c590fdd1ec24ee297a15a00a0829b5191e9163e4cc5dbbee20ed40fcc30ad9?s=96&d=mm&r=g","height":96,"width":96}},"publisher":{"@type":"Organization","name":"eupatrid.cz","logo":{"@type":"ImageObject","@id":"\/logo.png","url":"\/logo.png","width":600,"height":60}},"image":{"@type":"ImageObject","@id":"https:\/\/www.eupatrid.cz\/wp-content\/uploads\/img_a321602_w2297_t1532853783.jpg","url":"https:\/\/www.eupatrid.cz\/wp-content\/uploads\/img_a321602_w2297_t1532853783.jpg","height":0,"width":0},"keywords":null},{"@type":"Article","@id":"https:\/\/www.eupatrid.cz\/proc-jsem-vlastne-studoval\/","headline":"Pro\u010d jsem vlastn\u011b studoval?","url":"https:\/\/www.eupatrid.cz\/proc-jsem-vlastne-studoval\/","datePublished":"2020-09-05","dateModified":"2023-05-02","mainEntityOfPage":"https:\/\/www.eupatrid.cz\/proc-jsem-vlastne-studoval\/","author":{"@type":"Person","@id":"https:\/\/www.eupatrid.cz\/author\/#Person","name":"","url":"https:\/\/www.eupatrid.cz\/author\/","identifier":1,"image":{"@type":"ImageObject","@id":"https:\/\/secure.gravatar.com\/avatar\/53c590fdd1ec24ee297a15a00a0829b5191e9163e4cc5dbbee20ed40fcc30ad9?s=96&d=mm&r=g","url":"https:\/\/secure.gravatar.com\/avatar\/53c590fdd1ec24ee297a15a00a0829b5191e9163e4cc5dbbee20ed40fcc30ad9?s=96&d=mm&r=g","height":96,"width":96}},"publisher":{"@type":"Organization","name":"eupatrid.cz","logo":{"@type":"ImageObject","@id":"\/logo.png","url":"\/logo.png","width":600,"height":60}},"image":{"@type":"ImageObject","@id":"https:\/\/www.eupatrid.cz\/wp-content\/uploads\/img_a332541_w2640_t1545421837.jpg","url":"https:\/\/www.eupatrid.cz\/wp-content\/uploads\/img_a332541_w2640_t1545421837.jpg","height":0,"width":0},"keywords":null},{"@type":"Article","@id":"https:\/\/www.eupatrid.cz\/stat-chce-pomoci-mladym\/","headline":"St\u00e1t chce pomoci mlad\u00fdm","url":"https:\/\/www.eupatrid.cz\/stat-chce-pomoci-mladym\/","datePublished":"2020-08-14","dateModified":"2023-05-02","mainEntityOfPage":"https:\/\/www.eupatrid.cz\/stat-chce-pomoci-mladym\/","author":{"@type":"Person","@id":"https:\/\/www.eupatrid.cz\/author\/#Person","name":"","url":"https:\/\/www.eupatrid.cz\/author\/","identifier":1,"image":{"@type":"ImageObject","@id":"https:\/\/secure.gravatar.com\/avatar\/53c590fdd1ec24ee297a15a00a0829b5191e9163e4cc5dbbee20ed40fcc30ad9?s=96&d=mm&r=g","url":"https:\/\/secure.gravatar.com\/avatar\/53c590fdd1ec24ee297a15a00a0829b5191e9163e4cc5dbbee20ed40fcc30ad9?s=96&d=mm&r=g","height":96,"width":96}},"publisher":{"@type":"Organization","name":"eupatrid.cz","logo":{"@type":"ImageObject","@id":"\/logo.png","url":"\/logo.png","width":600,"height":60}},"image":{"@type":"ImageObject","@id":"https:\/\/www.eupatrid.cz\/wp-content\/uploads\/%C5%BEena%20a%20probl%C3%A9my.png","url":"https:\/\/www.eupatrid.cz\/wp-content\/uploads\/%C5%BEena%20a%20probl%C3%A9my.png","height":0,"width":0},"keywords":null}]}