{"@context":"https:\/\/schema.org\/","@type":"CollectionPage","@id":"https:\/\/www.eupatrid.cz\/domov\/#CollectionPage","headline":"Domov Category","description":"","url":"https:\/\/www.eupatrid.cz\/domov\/","hasPart":[{"@type":"Article","@id":"https:\/\/www.eupatrid.cz\/kde-dostane-clovek-pujcku\/","headline":"Kde dostane \u010dlov\u011bk p\u016fj\u010dku?","url":"https:\/\/www.eupatrid.cz\/kde-dostane-clovek-pujcku\/","datePublished":"2022-04-26","dateModified":"2023-05-02","mainEntityOfPage":"https:\/\/www.eupatrid.cz\/kde-dostane-clovek-pujcku\/","author":{"@type":"Person","@id":"https:\/\/www.eupatrid.cz\/author\/#Person","name":"","url":"https:\/\/www.eupatrid.cz\/author\/","identifier":1,"image":{"@type":"ImageObject","@id":"https:\/\/secure.gravatar.com\/avatar\/53c590fdd1ec24ee297a15a00a0829b5191e9163e4cc5dbbee20ed40fcc30ad9?s=96&d=mm&r=g","url":"https:\/\/secure.gravatar.com\/avatar\/53c590fdd1ec24ee297a15a00a0829b5191e9163e4cc5dbbee20ed40fcc30ad9?s=96&d=mm&r=g","height":96,"width":96}},"publisher":{"@type":"Organization","name":"eupatrid.cz","logo":{"@type":"ImageObject","@id":"\/logo.png","url":"\/logo.png","width":600,"height":60}},"image":{"@type":"ImageObject","@id":"https:\/\/www.eupatrid.cz\/wp-content\/uploads\/polsk%C3%A9%20gro%C5%A1e_1.jpg","url":"https:\/\/www.eupatrid.cz\/wp-content\/uploads\/polsk%C3%A9%20gro%C5%A1e_1.jpg","height":0,"width":0},"keywords":null},{"@type":"Article","@id":"https:\/\/www.eupatrid.cz\/novy-interier\/","headline":"Nov\u00fd interi\u00e9r","url":"https:\/\/www.eupatrid.cz\/novy-interier\/","datePublished":"2022-01-16","dateModified":"2023-05-02","mainEntityOfPage":"https:\/\/www.eupatrid.cz\/novy-interier\/","author":{"@type":"Person","@id":"https:\/\/www.eupatrid.cz\/author\/#Person","name":"","url":"https:\/\/www.eupatrid.cz\/author\/","identifier":1,"image":{"@type":"ImageObject","@id":"https:\/\/secure.gravatar.com\/avatar\/53c590fdd1ec24ee297a15a00a0829b5191e9163e4cc5dbbee20ed40fcc30ad9?s=96&d=mm&r=g","url":"https:\/\/secure.gravatar.com\/avatar\/53c590fdd1ec24ee297a15a00a0829b5191e9163e4cc5dbbee20ed40fcc30ad9?s=96&d=mm&r=g","height":96,"width":96}},"publisher":{"@type":"Organization","name":"eupatrid.cz","logo":{"@type":"ImageObject","@id":"\/logo.png","url":"\/logo.png","width":600,"height":60}},"image":{"@type":"ImageObject","@id":"https:\/\/www.eupatrid.cz\/wp-content\/uploads\/wall-g01e05b9f3_640.jpg","url":"https:\/\/www.eupatrid.cz\/wp-content\/uploads\/wall-g01e05b9f3_640.jpg","height":0,"width":0},"keywords":null},{"@type":"Article","@id":"https:\/\/www.eupatrid.cz\/vhodne-bydleni-i-pro-mensi-rodinu\/","headline":"Vhodn\u011b bydlen\u00ed i pro men\u0161\u00ed rodinu","url":"https:\/\/www.eupatrid.cz\/vhodne-bydleni-i-pro-mensi-rodinu\/","datePublished":"2021-11-20","dateModified":"2023-05-02","mainEntityOfPage":"https:\/\/www.eupatrid.cz\/vhodne-bydleni-i-pro-mensi-rodinu\/","author":{"@type":"Person","@id":"https:\/\/www.eupatrid.cz\/author\/#Person","name":"","url":"https:\/\/www.eupatrid.cz\/author\/","identifier":1,"image":{"@type":"ImageObject","@id":"https:\/\/secure.gravatar.com\/avatar\/53c590fdd1ec24ee297a15a00a0829b5191e9163e4cc5dbbee20ed40fcc30ad9?s=96&d=mm&r=g","url":"https:\/\/secure.gravatar.com\/avatar\/53c590fdd1ec24ee297a15a00a0829b5191e9163e4cc5dbbee20ed40fcc30ad9?s=96&d=mm&r=g","height":96,"width":96}},"publisher":{"@type":"Organization","name":"eupatrid.cz","logo":{"@type":"ImageObject","@id":"\/logo.png","url":"\/logo.png","width":600,"height":60}},"image":{"@type":"ImageObject","@id":"https:\/\/www.eupatrid.cz\/wp-content\/uploads\/Architekt%20u%20domu_2.jpg","url":"https:\/\/www.eupatrid.cz\/wp-content\/uploads\/Architekt%20u%20domu_2.jpg","height":0,"width":0},"keywords":null},{"@type":"Article","@id":"https:\/\/www.eupatrid.cz\/maly-mensi-nejmensi\/","headline":"Mal\u00fd, men\u0161\u00ed, nejmen\u0161\u00ed","url":"https:\/\/www.eupatrid.cz\/maly-mensi-nejmensi\/","datePublished":"2020-09-09","dateModified":"2023-05-02","mainEntityOfPage":"https:\/\/www.eupatrid.cz\/maly-mensi-nejmensi\/","author":{"@type":"Person","@id":"https:\/\/www.eupatrid.cz\/author\/#Person","name":"","url":"https:\/\/www.eupatrid.cz\/author\/","identifier":1,"image":{"@type":"ImageObject","@id":"https:\/\/secure.gravatar.com\/avatar\/53c590fdd1ec24ee297a15a00a0829b5191e9163e4cc5dbbee20ed40fcc30ad9?s=96&d=mm&r=g","url":"https:\/\/secure.gravatar.com\/avatar\/53c590fdd1ec24ee297a15a00a0829b5191e9163e4cc5dbbee20ed40fcc30ad9?s=96&d=mm&r=g","height":96,"width":96}},"publisher":{"@type":"Organization","name":"eupatrid.cz","logo":{"@type":"ImageObject","@id":"\/logo.png","url":"\/logo.png","width":600,"height":60}},"image":{"@type":"ImageObject","@id":"https:\/\/www.eupatrid.cz\/wp-content\/uploads\/img_a295019_w2051_t1506677816.jpg","url":"https:\/\/www.eupatrid.cz\/wp-content\/uploads\/img_a295019_w2051_t1506677816.jpg","height":0,"width":0},"keywords":null},{"@type":"Article","@id":"https:\/\/www.eupatrid.cz\/a-kam-se-pro-penize-obratite-vy\/","headline":"A kam se pro pen\u00edze obr\u00e1t\u00edte vy?","url":"https:\/\/www.eupatrid.cz\/a-kam-se-pro-penize-obratite-vy\/","datePublished":"2020-01-11","dateModified":"2023-05-02","mainEntityOfPage":"https:\/\/www.eupatrid.cz\/a-kam-se-pro-penize-obratite-vy\/","author":{"@type":"Person","@id":"https:\/\/www.eupatrid.cz\/author\/#Person","name":"","url":"https:\/\/www.eupatrid.cz\/author\/","identifier":1,"image":{"@type":"ImageObject","@id":"https:\/\/secure.gravatar.com\/avatar\/53c590fdd1ec24ee297a15a00a0829b5191e9163e4cc5dbbee20ed40fcc30ad9?s=96&d=mm&r=g","url":"https:\/\/secure.gravatar.com\/avatar\/53c590fdd1ec24ee297a15a00a0829b5191e9163e4cc5dbbee20ed40fcc30ad9?s=96&d=mm&r=g","height":96,"width":96}},"publisher":{"@type":"Organization","name":"eupatrid.cz","logo":{"@type":"ImageObject","@id":"\/logo.png","url":"\/logo.png","width":600,"height":60}},"image":{"@type":"ImageObject","@id":"https:\/\/www.eupatrid.cz\/wp-content\/uploads\/img_a378976_w4281_t1590397097.jpg","url":"https:\/\/www.eupatrid.cz\/wp-content\/uploads\/img_a378976_w4281_t1590397097.jpg","height":0,"width":0},"keywords":null},{"@type":"Article","@id":"https:\/\/www.eupatrid.cz\/vytvorte-si-doma-prostredi-vhodne-ke-spanku\/","headline":"Vytvo\u0159te si doma prost\u0159ed\u00ed vhodn\u00e9 ke sp\u00e1nku","url":"https:\/\/www.eupatrid.cz\/vytvorte-si-doma-prostredi-vhodne-ke-spanku\/","datePublished":"2019-09-07","dateModified":"2023-05-02","mainEntityOfPage":"https:\/\/www.eupatrid.cz\/vytvorte-si-doma-prostredi-vhodne-ke-spanku\/","author":{"@type":"Person","@id":"https:\/\/www.eupatrid.cz\/author\/#Person","name":"","url":"https:\/\/www.eupatrid.cz\/author\/","identifier":1,"image":{"@type":"ImageObject","@id":"https:\/\/secure.gravatar.com\/avatar\/53c590fdd1ec24ee297a15a00a0829b5191e9163e4cc5dbbee20ed40fcc30ad9?s=96&d=mm&r=g","url":"https:\/\/secure.gravatar.com\/avatar\/53c590fdd1ec24ee297a15a00a0829b5191e9163e4cc5dbbee20ed40fcc30ad9?s=96&d=mm&r=g","height":96,"width":96}},"publisher":{"@type":"Organization","name":"eupatrid.cz","logo":{"@type":"ImageObject","@id":"\/logo.png","url":"\/logo.png","width":600,"height":60}},"image":{"@type":"ImageObject","@id":"https:\/\/www.eupatrid.cz\/wp-content\/uploads\/img_a355473_w3166_t1569740486.jpg","url":"https:\/\/www.eupatrid.cz\/wp-content\/uploads\/img_a355473_w3166_t1569740486.jpg","height":0,"width":0},"keywords":null},{"@type":"Article","@id":"https:\/\/www.eupatrid.cz\/jak-na-vyber-pudnich-schodu\/","headline":"Jak na v\u00fdb\u011br p\u016fdn\u00edch schod\u016f?","url":"https:\/\/www.eupatrid.cz\/jak-na-vyber-pudnich-schodu\/","datePublished":"2018-09-13","dateModified":"2023-05-02","mainEntityOfPage":"https:\/\/www.eupatrid.cz\/jak-na-vyber-pudnich-schodu\/","author":{"@type":"Person","@id":"https:\/\/www.eupatrid.cz\/author\/#Person","name":"","url":"https:\/\/www.eupatrid.cz\/author\/","identifier":1,"image":{"@type":"ImageObject","@id":"https:\/\/secure.gravatar.com\/avatar\/53c590fdd1ec24ee297a15a00a0829b5191e9163e4cc5dbbee20ed40fcc30ad9?s=96&d=mm&r=g","url":"https:\/\/secure.gravatar.com\/avatar\/53c590fdd1ec24ee297a15a00a0829b5191e9163e4cc5dbbee20ed40fcc30ad9?s=96&d=mm&r=g","height":96,"width":96}},"publisher":{"@type":"Organization","name":"eupatrid.cz","logo":{"@type":"ImageObject","@id":"\/logo.png","url":"\/logo.png","width":600,"height":60}},"image":{"@type":"ImageObject","@id":"https:\/\/www.eupatrid.cz\/wp-content\/uploads\/img_a329590_w1707_t1542093764.png","url":"https:\/\/www.eupatrid.cz\/wp-content\/uploads\/img_a329590_w1707_t1542093764.png","height":0,"width":0},"keywords":null},{"@type":"Article","@id":"https:\/\/www.eupatrid.cz\/proc-si-lide-oblibili-prave-hlinikove-pergoly\/","headline":"Pro\u010d si lid\u00e9 obl\u00edbili pr\u00e1v\u011b hlin\u00edkov\u00e9 pergoly","url":"https:\/\/www.eupatrid.cz\/proc-si-lide-oblibili-prave-hlinikove-pergoly\/","datePublished":"2018-04-10","dateModified":"2023-05-02","mainEntityOfPage":"https:\/\/www.eupatrid.cz\/proc-si-lide-oblibili-prave-hlinikove-pergoly\/","author":{"@type":"Person","@id":"https:\/\/www.eupatrid.cz\/author\/#Person","name":"","url":"https:\/\/www.eupatrid.cz\/author\/","identifier":1,"image":{"@type":"ImageObject","@id":"https:\/\/secure.gravatar.com\/avatar\/53c590fdd1ec24ee297a15a00a0829b5191e9163e4cc5dbbee20ed40fcc30ad9?s=96&d=mm&r=g","url":"https:\/\/secure.gravatar.com\/avatar\/53c590fdd1ec24ee297a15a00a0829b5191e9163e4cc5dbbee20ed40fcc30ad9?s=96&d=mm&r=g","height":96,"width":96}},"publisher":{"@type":"Organization","name":"eupatrid.cz","logo":{"@type":"ImageObject","@id":"\/logo.png","url":"\/logo.png","width":600,"height":60}},"image":{"@type":"ImageObject","@id":"https:\/\/www.eupatrid.cz\/wp-content\/uploads\/img_a315278_w2233_t1526199671.jpg","url":"https:\/\/www.eupatrid.cz\/wp-content\/uploads\/img_a315278_w2233_t1526199671.jpg","height":0,"width":0},"keywords":null},{"@type":"Article","@id":"https:\/\/www.eupatrid.cz\/abyste-mohli-byt-skutecne-spokojeni\/","headline":"Abyste mohli b\u00fdt skute\u010dn\u011b spokojen\u00ed","url":"https:\/\/www.eupatrid.cz\/abyste-mohli-byt-skutecne-spokojeni\/","datePublished":"2017-05-24","dateModified":"2023-05-02","mainEntityOfPage":"https:\/\/www.eupatrid.cz\/abyste-mohli-byt-skutecne-spokojeni\/","author":{"@type":"Person","@id":"https:\/\/www.eupatrid.cz\/author\/#Person","name":"","url":"https:\/\/www.eupatrid.cz\/author\/","identifier":1,"image":{"@type":"ImageObject","@id":"https:\/\/secure.gravatar.com\/avatar\/53c590fdd1ec24ee297a15a00a0829b5191e9163e4cc5dbbee20ed40fcc30ad9?s=96&d=mm&r=g","url":"https:\/\/secure.gravatar.com\/avatar\/53c590fdd1ec24ee297a15a00a0829b5191e9163e4cc5dbbee20ed40fcc30ad9?s=96&d=mm&r=g","height":96,"width":96}},"publisher":{"@type":"Organization","name":"eupatrid.cz","logo":{"@type":"ImageObject","@id":"\/logo.png","url":"\/logo.png","width":600,"height":60}},"image":{"@type":"ImageObject","@id":"https:\/\/www.eupatrid.cz\/wp-content\/uploads\/img_a289524_w1693_t1500921041.jpg","url":"https:\/\/www.eupatrid.cz\/wp-content\/uploads\/img_a289524_w1693_t1500921041.jpg","height":0,"width":0},"keywords":null}]}