[{"@context":"https:\/\/schema.org\/","@type":"Article","@id":"https:\/\/www.eupatrid.cz\/calounene-taburety-ve-vasi-domacnosti-urcite-vyuzijete\/#Article","mainEntityOfPage":"https:\/\/www.eupatrid.cz\/calounene-taburety-ve-vasi-domacnosti-urcite-vyuzijete\/","headline":"\u010caloun\u011bn\u00e9 taburety ve Va\u0161\u00ed dom\u00e1cnosti ur\u010dit\u011b vyu\u017eijete","name":"\u010caloun\u011bn\u00e9 taburety ve Va\u0161\u00ed dom\u00e1cnosti ur\u010dit\u011b vyu\u017eijete","description":"Bez sedac\u00edch souprav se v\u011bt\u0161ina dom\u00e1cnost\u00ed neobejde. Vhodn\u00fd model m\u016f\u017eete doplnit o n\u011bjak\u00e9 men\u0161\u00ed \u010daloun\u011bn\u00e9 taburety, kter\u00e9 vyu\u017eijete p\u0159edev\u0161\u00edm ve chv\u00edl\u00edch, kdy k V\u00e1m p\u0159ijede n\u011bjak\u00e1 velk\u00e1 n\u00e1v\u0161t\u011bva. V takov\u00fdch situac\u00edch \u010dlov\u011bk v\u011bt\u0161inou hled\u00e1 n\u011bjak\u00e9 dal\u0161\u00ed \u017eidle nebo k\u0159esla. Skladn\u00e9 a mal\u00e9 taburety jsou pro takov\u00e9 chv\u00edle to prav\u00e9 o\u0159echov\u00e9. Star\u0161\u00ed ro\u010dn\u00edky rad\u011bji usad\u00edte do...<p class=\"more-link\"><a href=\"https:\/\/www.eupatrid.cz\/calounene-taburety-ve-vasi-domacnosti-urcite-vyuzijete\/\" class=\"themebutton3\">Read More<\/a><\/p>","datePublished":"2025-02-01","dateModified":"2025-02-01","author":{"@type":"Person","@id":"https:\/\/www.eupatrid.cz\/author\/#Person","name":"","url":"https:\/\/www.eupatrid.cz\/author\/","identifier":1,"image":{"@type":"ImageObject","@id":"https:\/\/secure.gravatar.com\/avatar\/53c590fdd1ec24ee297a15a00a0829b5191e9163e4cc5dbbee20ed40fcc30ad9?s=96&d=mm&r=g","url":"https:\/\/secure.gravatar.com\/avatar\/53c590fdd1ec24ee297a15a00a0829b5191e9163e4cc5dbbee20ed40fcc30ad9?s=96&d=mm&r=g","height":96,"width":96}},"publisher":{"@type":"Organization","name":"eupatrid.cz","logo":{"@type":"ImageObject","@id":"\/logo.png","url":"\/logo.png","width":600,"height":60}},"url":"https:\/\/www.eupatrid.cz\/calounene-taburety-ve-vasi-domacnosti-urcite-vyuzijete\/","wordCount":190,"articleBody":"Bez sedac\u00edch souprav se v\u011bt\u0161ina dom\u00e1cnost\u00ed neobejde. Vhodn\u00fd model m\u016f\u017eete doplnit o n\u011bjak\u00e9 men\u0161\u00ed \u010daloun\u011bn\u00e9 taburety, kter\u00e9 vyu\u017eijete p\u0159edev\u0161\u00edm ve chv\u00edl\u00edch, kdy k V\u00e1m p\u0159ijede n\u011bjak\u00e1 velk\u00e1 n\u00e1v\u0161t\u011bva. V takov\u00fdch situac\u00edch \u010dlov\u011bk v\u011bt\u0161inou hled\u00e1 n\u011bjak\u00e9 dal\u0161\u00ed \u017eidle nebo k\u0159esla. Skladn\u00e9 a mal\u00e9 taburety jsou pro takov\u00e9 chv\u00edle to prav\u00e9 o\u0159echov\u00e9. Star\u0161\u00ed ro\u010dn\u00edky rad\u011bji usad\u00edte do pohodln\u00e9ho k\u0159esla nebo pohovky, ale mlad\u0161\u00ed ro\u010dn\u00edky si mo\u017en\u00e1 budou lebedit na n\u011bjak\u00e9m kvalitn\u00edm taburetu. Rekonstrukce Va\u0161eho interi\u00e9ru V\u00e1s zcela ur\u010dit\u011b pot\u011b\u0161\u00ed Bez sedac\u00edch souprav nebude V\u00e1\u0161 interi\u00e9r nikdy kompletn\u00ed. Mo\u017en\u00e1 V\u00e1s nyn\u00ed \u010dek\u00e1 n\u011bjak\u00e1 rozs\u00e1hlej\u0161\u00ed rekonstrukce Va\u0161eho interi\u00e9ru. Potom nejsp\u00ed\u0161 \u0159e\u0161\u00edte, zda m\u00e1te investovat do n\u00e1kupu n\u011bjak\u00e9ho nov\u00e9ho modelu. Pokud budete m\u00edt v\u0161e kr\u00e1sn\u011b nov\u00e9, nejsp\u00ed\u0161 bude jen ot\u00e1zkou \u010dasu, ne\u017e si dom\u016f po\u0159\u00edd\u00edte n\u011bjak\u00fd modern\u00ed nov\u00fd model.                                                                                                                                                                                                                                                                                                                                                                                        5\/5 - (2 votes)        "},{"@context":"https:\/\/schema.org\/","@type":"BreadcrumbList","itemListElement":[{"@type":"ListItem","position":1,"name":"\u010caloun\u011bn\u00e9 taburety ve Va\u0161\u00ed dom\u00e1cnosti ur\u010dit\u011b vyu\u017eijete","item":"https:\/\/www.eupatrid.cz\/calounene-taburety-ve-vasi-domacnosti-urcite-vyuzijete\/#breadcrumbitem"}]}]